{"id":14804,"date":"2022-10-05T10:07:49","date_gmt":"2022-10-05T13:07:49","guid":{"rendered":"http:\/\/entreriosbasquet.com\/site\/?p=14804"},"modified":"2022-10-05T10:07:49","modified_gmt":"2022-10-05T13:07:49","slug":"gabriel-piccato-disertara-en-la-clinica-eneba","status":"publish","type":"post","link":"http:\/\/entreriosbasquet.com\/site\/2022\/10\/05\/gabriel-piccato-disertara-en-la-clinica-eneba\/","title":{"rendered":"Gabriel Piccato disertar\u00e1 en la Cl\u00ednica ENEBA"},"content":{"rendered":"<p style=\"text-align: justify;\">La Federaci\u00f3n de B\u00e1squet de Entre R\u00edos informa que el entrenador santafesino Gabriel Piccato, de vasta trayectoria en la Liga Nacional, ser\u00e1 uno de los disertantes de la edici\u00f3n 2022 de la Cl\u00ednica de Rev\u00e1lida de la Escuela Nacional de Entrenadores de B\u00e1squetbol (ENEBA) Regi\u00f3n Entre R\u00edos \u201cAriel \u2018Pulpo\u2019 Blanc\u201d, que se realizar\u00e1 en Villaguay el pr\u00f3ximo 15 de octubre.<\/p>\n<p style=\"text-align: justify;\">Entre sus antecedentes, el entrenador de 50 a\u00f1os (20\/12\/1971) y nacido en San Jorge (Santa Fe), cuenta con un t\u00edtulo de LNB ganado con Boca Juniors, a quien dirigi\u00f3 dos temporadas (2006\/07 y 2007\/08). El resto de su carrera lo tiene con pasos en La Uni\u00f3n Formosa (2009-2012, 2013\/14 y 2018\/19), Obras Sanitarias (2012\/13), Libertad de Sunchales (2014\/15), Regatas Corrientes (2016 a 2018 y 2021\/2022) y Pe\u00f1arol de Mar del Plata (2019\/20).<\/p>\n<p style=\"text-align: justify;\">Piccato inici\u00f3 su carrera en el Atl\u00e9tico San Jorge y despu\u00e9s por diez a\u00f1os (1994-2004) pas\u00f3 a La Uni\u00f3n de Col\u00f3n en el TNA, primero como asistente de Pablo Columba y luego como entrenador jefe, divisional a la cual retorn\u00f3 en 2012\/13 con Banda Norte de R\u00edo IV. En 2005 se uni\u00f3 a Boca transform\u00e1ndose en asistente de Sergio Hern\u00e1ndez primero y de Eduardo Cadillac despu\u00e9s.<\/p>\n<p style=\"text-align: justify;\">Entre 2020 y 2021 Piccato estuvo a cargo interinamente de la selecci\u00f3n argentina disputando un par de ventanas clasificatorias para la Americup 2022. Adem\u00e1s, durante varios a\u00f1os fue asistente se Sergio Hern\u00e1ndez en el representativo mayor \u201calbiceleste\u201d.<\/p>\n<p style=\"text-align: justify;\">Cabe resaltar que esta Cl\u00ednica ser\u00e1 el regreso a la presencialidad despu\u00e9s de tres a\u00f1os debido a la pandemia de coronavirus. El encuentro est\u00e1 dispuesto para entrenadores de los tres niveles (1, 2 y 3) y constar\u00e1 de siete m\u00f3dulos presenciales en la \u201cCiudad de Encuentros\u201d. La cl\u00ednica se completar\u00e1 con algunos m\u00f3dulos a trav\u00e9s de la modalidad online.<\/p>\n","protected":false},"excerpt":{"rendered":"<p>La Federaci\u00f3n de B\u00e1squet de Entre R\u00edos informa que el entrenador santafesino Gabriel Piccato, de vasta trayectoria en la Liga Nacional, ser\u00e1 uno de los disertantes de la edici\u00f3n 2022 de la Cl\u00ednica de Rev\u00e1lida de la Escuela Nacional de Entrenadores de B\u00e1squetbol (ENEBA) Regi\u00f3n Entre R\u00edos \u201cAriel \u2018Pulpo\u2019 Blanc\u201d, que se realizar\u00e1 en Villaguay [&hellip;]<\/p>\n","protected":false},"author":1,"featured_media":14805,"comment_status":"closed","ping_status":"open","sticky":false,"template":"","format":"standard","meta":[],"categories":[20],"tags":[],"_links":{"self":[{"href":"http:\/\/entreriosbasquet.com\/site\/wp-json\/wp\/v2\/posts\/14804"}],"collection":[{"href":"http:\/\/entreriosbasquet.com\/site\/wp-json\/wp\/v2\/posts"}],"about":[{"href":"http:\/\/entreriosbasquet.com\/site\/wp-json\/wp\/v2\/types\/post"}],"author":[{"embeddable":true,"href":"http:\/\/entreriosbasquet.com\/site\/wp-json\/wp\/v2\/users\/1"}],"replies":[{"embeddable":true,"href":"http:\/\/entreriosbasquet.com\/site\/wp-json\/wp\/v2\/comments?post=14804"}],"version-history":[{"count":1,"href":"http:\/\/entreriosbasquet.com\/site\/wp-json\/wp\/v2\/posts\/14804\/revisions"}],"predecessor-version":[{"id":14806,"href":"http:\/\/entreriosbasquet.com\/site\/wp-json\/wp\/v2\/posts\/14804\/revisions\/14806"}],"wp:featuredmedia":[{"embeddable":true,"href":"http:\/\/entreriosbasquet.com\/site\/wp-json\/wp\/v2\/media\/14805"}],"wp:attachment":[{"href":"http:\/\/entreriosbasquet.com\/site\/wp-json\/wp\/v2\/media?parent=14804"}],"wp:term":[{"taxonomy":"category","embeddable":true,"href":"http:\/\/entreriosbasquet.com\/site\/wp-json\/wp\/v2\/categories?post=14804"},{"taxonomy":"post_tag","embeddable":true,"href":"http:\/\/entreriosbasquet.com\/site\/wp-json\/wp\/v2\/tags?post=14804"}],"curies":[{"name":"wp","href":"https:\/\/api.w.org\/{rel}","templated":true}]}}