{"id":14723,"date":"2022-09-07T12:33:30","date_gmt":"2022-09-07T15:33:30","guid":{"rendered":"http:\/\/entreriosbasquet.com\/site\/?p=14723"},"modified":"2022-09-08T09:35:19","modified_gmt":"2022-09-08T12:35:19","slug":"lucca-giuliani-convocado-a-la-preseleccion-nacional-u15","status":"publish","type":"post","link":"http:\/\/entreriosbasquet.com\/site\/2022\/09\/07\/lucca-giuliani-convocado-a-la-preseleccion-nacional-u15\/","title":{"rendered":"Lucca Giuliani convocado a la Preselecci\u00f3n Nacional U15"},"content":{"rendered":"<p style=\"text-align: justify;\">La pr\u00f3xima semana comenzar\u00e1 la puesta a punto de la Selecci\u00f3n Masculina U15 masculina que concentrar\u00e1 en Buenos Aires pensando en el Sudamericano de la categor\u00eda, pautado para jugarse del 24 al 29 de octubre, con sede a confirmar.<\/p>\n<p style=\"text-align: justify;\">El entrerriano\u00a0<strong>Lucca Giuliani<\/strong>\u00a0(Patronato de Paran\u00e1) fue convocado para entrenar en las instalaciones del Centro Nacional de Alto Rendimiento Deportivo del 13 al 23 de septiembre. Esta primera etapa de la preparaci\u00f3n tendr\u00e1 una n\u00f3mina estar\u00e1 compuesta por 18 j\u00f3venes.<\/p>\n<p style=\"text-align: justify;\">Cabe destacar, adem\u00e1s, que Mariano Marcos asumir\u00e1 como nuevo Coordinador General de Categor\u00edas Formativas CAB sumando la rama masculina al trabajo que ya ven\u00eda realizando con la rama femenina. El cuerpo t\u00e9cnico de la U15 estar\u00e1 encabezado por Mart\u00edn Villagr\u00e1n como entrenador principal, acompa\u00f1ado por Juan Pablo Fern\u00e1ndez y Agust\u00edn Lukac como asistentes. Adem\u00e1s, Gisela Marcos, Mat\u00edas Podest\u00e1 y Yonathan Rodr\u00edguez ser\u00e1n los preparadores f\u00edsicos, mientras que Agust\u00edn Bajz y Jonathan Righero ser\u00e1n los entrenadores invitados.<\/p>\n<p style=\"text-align: justify;\">\u201cLo llamamos Campus de Desarrollo porque el objetivo es ir visualizando jugadores de todo el pa\u00eds, inculcando valores y \u00e9ticas de trabajo para conocer a la camada de cara a la concentraci\u00f3n previa al torneo, que ser\u00e1 m\u00e1s adelante. L\u00f3gicamente el grupo es muy nuevo, no tuvo concentraciones previas y es una generaci\u00f3n que sufri\u00f3 mucho la pandemia. Pero con el cuerpo t\u00e9cnico estuvimos movi\u00e9ndonos y observando diferentes competencias para poder detectar a chicos con talento y biotipo\u201d, explic\u00f3 Mariano Marcos, flamante Coordinador General de Formativas en CAB.<\/p>\n<p style=\"text-align: justify;\">Si bien el certamen no tiene una sede confirmada, se sabe que el mismo otorga tres plazas para el FIBA Am\u00e9ricas U16 del a\u00f1o pr\u00f3ximo, que a su vez es una instancia clasificatoria para el Mundial U17 de 2024.<\/p>\n<p style=\"text-align: justify;\"><strong>LISTA DE CONVOCADOS<\/strong><\/p>\n<p style=\"text-align: justify;\">Maximiliano Bottaro \u2013 Villa San Mart\u00edn<\/p>\n<p style=\"text-align: justify;\">Juan Pablo Arias \u2013 Argentino de Jun\u00edn<\/p>\n<p style=\"text-align: justify;\">M\u00e1ximo Barbieri \u2013 Libertad de Sunchales<\/p>\n<p style=\"text-align: justify;\">Santiago Cabodevilla \u2013 Independiente de Pico<\/p>\n<p style=\"text-align: justify;\">Fidel Cifuentes Rotta \u2013 Monte Grande<\/p>\n<p style=\"text-align: justify;\">Mat\u00edas Domine \u2013 Quilmes de Mar del Plata<\/p>\n<p style=\"text-align: justify;\">Benicio Gelsi \u2013 Independiente de Neuqu\u00e9n<\/p>\n<p style=\"text-align: justify;\">Lucca Giuliani \u2013 Patronato de Paran\u00e1<\/p>\n<p style=\"text-align: justify;\">Ezequiel Ju\u00e1rez \u2013 San Miguel de R\u00edo Gallegos<\/p>\n<p style=\"text-align: justify;\">Felipe Minzer \u2013 Santa Paula de G\u00e1lvez<\/p>\n<p style=\"text-align: justify;\">Rom\u00e1n Moravansky \u2013 Club Claridad<\/p>\n<p style=\"text-align: justify;\">Santiago Nomdedeu \u2013 Ricardo Guti\u00e9rrez<\/p>\n<p style=\"text-align: justify;\">Ivan Prato \u2013 Uni\u00f3n Central de Villa Mar\u00eda<\/p>\n<p style=\"text-align: justify;\">Jonas Rossi \u2013 Regatas de San Nicol\u00e1s<\/p>\n<p style=\"text-align: justify;\">Mat\u00edas Sanz Pierlorenzi \u2013 Regatas Corrientes<\/p>\n<p style=\"text-align: justify;\">Joaqu\u00edn Sarmiento \u2013 Atenas de C\u00f3rdoba<\/p>\n<p style=\"text-align: justify;\">Tob\u00edas Tamahusuku \u2013 V\u00e9lez Sarsfield<\/p>\n<p style=\"text-align: justify;\">Mart\u00edn Torriani \u2013 Defensores de Belgrano de Villa Ramallo<\/p>\n<p style=\"text-align: justify;\">\n<p style=\"text-align: justify;\"><strong>(Foto Prensa APB)<\/strong><\/p>\n","protected":false},"excerpt":{"rendered":"<p>La pr\u00f3xima semana comenzar\u00e1 la puesta a punto de la Selecci\u00f3n Masculina U15 masculina que concentrar\u00e1 en Buenos Aires pensando en el Sudamericano de la categor\u00eda, pautado para jugarse del 24 al 29 de octubre, con sede a confirmar. El entrerriano\u00a0Lucca Giuliani\u00a0(Patronato de Paran\u00e1) fue convocado para entrenar en las instalaciones del Centro Nacional de [&hellip;]<\/p>\n","protected":false},"author":1,"featured_media":14724,"comment_status":"closed","ping_status":"open","sticky":false,"template":"","format":"standard","meta":[],"categories":[19],"tags":[],"_links":{"self":[{"href":"http:\/\/entreriosbasquet.com\/site\/wp-json\/wp\/v2\/posts\/14723"}],"collection":[{"href":"http:\/\/entreriosbasquet.com\/site\/wp-json\/wp\/v2\/posts"}],"about":[{"href":"http:\/\/entreriosbasquet.com\/site\/wp-json\/wp\/v2\/types\/post"}],"author":[{"embeddable":true,"href":"http:\/\/entreriosbasquet.com\/site\/wp-json\/wp\/v2\/users\/1"}],"replies":[{"embeddable":true,"href":"http:\/\/entreriosbasquet.com\/site\/wp-json\/wp\/v2\/comments?post=14723"}],"version-history":[{"count":1,"href":"http:\/\/entreriosbasquet.com\/site\/wp-json\/wp\/v2\/posts\/14723\/revisions"}],"predecessor-version":[{"id":14725,"href":"http:\/\/entreriosbasquet.com\/site\/wp-json\/wp\/v2\/posts\/14723\/revisions\/14725"}],"wp:featuredmedia":[{"embeddable":true,"href":"http:\/\/entreriosbasquet.com\/site\/wp-json\/wp\/v2\/media\/14724"}],"wp:attachment":[{"href":"http:\/\/entreriosbasquet.com\/site\/wp-json\/wp\/v2\/media?parent=14723"}],"wp:term":[{"taxonomy":"category","embeddable":true,"href":"http:\/\/entreriosbasquet.com\/site\/wp-json\/wp\/v2\/categories?post=14723"},{"taxonomy":"post_tag","embeddable":true,"href":"http:\/\/entreriosbasquet.com\/site\/wp-json\/wp\/v2\/tags?post=14723"}],"curies":[{"name":"wp","href":"https:\/\/api.w.org\/{rel}","templated":true}]}}