{"id":14711,"date":"2022-09-02T21:18:38","date_gmt":"2022-09-03T00:18:38","guid":{"rendered":"http:\/\/entreriosbasquet.com\/site\/?p=14711"},"modified":"2022-09-04T02:21:19","modified_gmt":"2022-09-04T05:21:19","slug":"liga-argentina-rocamora-realizo-su-primer-entrenamiento","status":"publish","type":"post","link":"http:\/\/entreriosbasquet.com\/site\/2022\/09\/02\/liga-argentina-rocamora-realizo-su-primer-entrenamiento\/","title":{"rendered":"Liga Argentina: Rocamora realiz\u00f3 su primer entrenamiento"},"content":{"rendered":"<p style=\"text-align: justify;\">Entre la noche del mi\u00e9rcoles y la ma\u00f1ana de ayer el plantel de Tom\u00e1s de Rocamora que disputar\u00e1 la Liga Argentina de B\u00e1squetbol 2022-23 puso en marcha su pretemporada.<\/p>\n<p style=\"text-align: justify;\">Primero se dio una bienvenida a cargo de la dirigencia mientras que al d\u00eda siguiente el entrenador Agust\u00edn Pujol dirigi\u00f3 su primera pr\u00e1ctica. Habr\u00e1 una intensa semana de trabajo hasta el viernes 9.<\/p>\n<p style=\"text-align: justify;\">Rocamora se puso mucho en marcha de cara a la pr\u00f3xima temporada. Primero, en la c\u00e1lida noche del mi\u00e9rcoles, hubo una bienvenida al plantel y cuerpo t\u00e9cnico que encabezar\u00e1 el rosarino Agust\u00edn Pujol. Habl\u00f3 el presidente Santiago Ariel Losada quien estuvo acompa\u00f1ado de otros dirigentes del b\u00e1squet y la vicepresidenta Miriam Bordet. Fue una alocuci\u00f3n corta pero concisa por parte del dirigente.<\/p>\n<p style=\"text-align: justify;\">Losada les habl\u00f3 a los jugadores de lo que representa el club en la ciudad, de la importancia que le da la instituci\u00f3n a esta y las dem\u00e1s competencias como tambi\u00e9n otras disciplinas. Hizo referencia a que este era un club de b\u00e1squet con mucha vida social y que esperaba que ellos pudieran formar parte de la misma. Tambi\u00e9n les marc\u00f3 las cuestiones que tendr\u00edan que cuidar en el seno de una comunidad chica.<\/p>\n<p style=\"text-align: justify;\">Los jugadores, previamente, pasaron por una instancia de pesaje y medida. Tras el encuentro en la mitad de la cancha hubo una charla en el vestuario entre el cuerpo t\u00e9cnico y los integrantes del equipo. Finalmente se comparti\u00f3 una cena de bienvenida en la zona del quincho. El clima cambi\u00f3 durante la madrugada y para la ma\u00f1ana del jueves la primera pr\u00e1ctica se llev\u00f3 a cabo con una copiosa lluvia.<\/p>\n<p style=\"text-align: justify;\">Despu\u00e9s de la entrada en calor los jugadores se dividieron en dos grupos. Uno trabaj\u00f3 bajo indicaciones de Pujol y otro con el asistente Fernando Castelli Donnet y el preparador f\u00edsico Luis P\u00e9saro. Desde el cuerpo t\u00e9cnico se inform\u00f3 que se trabajar\u00e1 de manera intensa, en un turno matutino, hasta el viernes de la semana pr\u00f3xima para otorgar un primer descanso los d\u00edas s\u00e1bado y domingo.<\/p>\n<p style=\"text-align: justify;\">Los jugadores presentes en la primera pr\u00e1ctica, fueron: Galo Impini, Mart\u00edn Pascal, Justo Catal\u00edn, Mauro Tarrag\u00f3, Thiago Dasso, Alejandro Quigley, Franco Ferrar\u00eda, Tom\u00e1s Verbauwede, Agust\u00edn Cavall\u00edn y los Juveniles I\u00f1aqui Garat y Octavio Boxler Germanier.<\/p>\n","protected":false},"excerpt":{"rendered":"<p>Entre la noche del mi\u00e9rcoles y la ma\u00f1ana de ayer el plantel de Tom\u00e1s de Rocamora que disputar\u00e1 la Liga Argentina de B\u00e1squetbol 2022-23 puso en marcha su pretemporada. Primero se dio una bienvenida a cargo de la dirigencia mientras que al d\u00eda siguiente el entrenador Agust\u00edn Pujol dirigi\u00f3 su primera pr\u00e1ctica. Habr\u00e1 una intensa [&hellip;]<\/p>\n","protected":false},"author":1,"featured_media":14712,"comment_status":"closed","ping_status":"open","sticky":false,"template":"","format":"standard","meta":[],"categories":[11],"tags":[26],"_links":{"self":[{"href":"http:\/\/entreriosbasquet.com\/site\/wp-json\/wp\/v2\/posts\/14711"}],"collection":[{"href":"http:\/\/entreriosbasquet.com\/site\/wp-json\/wp\/v2\/posts"}],"about":[{"href":"http:\/\/entreriosbasquet.com\/site\/wp-json\/wp\/v2\/types\/post"}],"author":[{"embeddable":true,"href":"http:\/\/entreriosbasquet.com\/site\/wp-json\/wp\/v2\/users\/1"}],"replies":[{"embeddable":true,"href":"http:\/\/entreriosbasquet.com\/site\/wp-json\/wp\/v2\/comments?post=14711"}],"version-history":[{"count":1,"href":"http:\/\/entreriosbasquet.com\/site\/wp-json\/wp\/v2\/posts\/14711\/revisions"}],"predecessor-version":[{"id":14713,"href":"http:\/\/entreriosbasquet.com\/site\/wp-json\/wp\/v2\/posts\/14711\/revisions\/14713"}],"wp:featuredmedia":[{"embeddable":true,"href":"http:\/\/entreriosbasquet.com\/site\/wp-json\/wp\/v2\/media\/14712"}],"wp:attachment":[{"href":"http:\/\/entreriosbasquet.com\/site\/wp-json\/wp\/v2\/media?parent=14711"}],"wp:term":[{"taxonomy":"category","embeddable":true,"href":"http:\/\/entreriosbasquet.com\/site\/wp-json\/wp\/v2\/categories?post=14711"},{"taxonomy":"post_tag","embeddable":true,"href":"http:\/\/entreriosbasquet.com\/site\/wp-json\/wp\/v2\/tags?post=14711"}],"curies":[{"name":"wp","href":"https:\/\/api.w.org\/{rel}","templated":true}]}}