{"id":14684,"date":"2022-08-25T21:04:23","date_gmt":"2022-08-26T00:04:23","guid":{"rendered":"http:\/\/entreriosbasquet.com\/site\/?p=14684"},"modified":"2022-08-25T21:04:23","modified_gmt":"2022-08-26T00:04:23","slug":"preseleccion-de-entre-rios-u15-rumbo-a-los-juegos-del-centro","status":"publish","type":"post","link":"http:\/\/entreriosbasquet.com\/site\/2022\/08\/25\/preseleccion-de-entre-rios-u15-rumbo-a-los-juegos-del-centro\/","title":{"rendered":"Preselecci\u00f3n de Entre R\u00edos U15 rumbo a los Juegos del Centro"},"content":{"rendered":"<p style=\"text-align: justify;\">La Federaci\u00f3n de B\u00e1squetbol de Entre R\u00edos (FBER) convoc\u00f3 18 jugadoras para integrar la Preselecci\u00f3n U15 Femenina con miras a la participaci\u00f3n de los Juegos del Centro 2022 a disputarse en la ciudad de C\u00f3rdoba.<\/p>\n<p style=\"text-align: justify;\">La convocatoria ser\u00e1 d\u00eda martes 6 de septiembre en el club Atl\u00e9tico Villa Elisa (Irigoyen y Emilio Francou) a los efectos de realizar entrenamientos bajo la supervisi\u00f3n del cuerpo t\u00e9cnico de los Seleccionados Femeninos, comandado por el entrenador Cristian G\u00f3mez y el preparador f\u00edsico Cristian Romanatti.<\/p>\n<p style=\"text-align: justify;\">Las convocadas son:<\/p>\n<p>1.- ALONSO JULIETA \u2013 CLUB A. PARACAO<\/p>\n<p>2.- SCHEIFLER FLORENCIA \u2013 CLUB A. PARACAO<\/p>\n<p>3.- CURA JUANA \u2013 CLUB A. PARACAO<\/p>\n<p>4.- CARRERE VIRGINIA \u2013 CLUB A. PARACAO<\/p>\n<p>5.- GARZ\u00d3N KUNZKE SARA \u2013 CLUB A. ESTUDIANTES<\/p>\n<p>6.- ALVAREZ JOSEFINA \u2013 CLUB A. ESTUDIANTES<\/p>\n<p>7.- LLORENS MATILDE \u2013 CLUB A. ESTUDIANTES<\/p>\n<p>8.- LOPEZ BER\u00d3N AGUSTINA \u2013 CLUB A. ESTUDIANTES<\/p>\n<p>9.- FERNANDEZ LARA \u2013 CLUB URQUIZA SANTA ELENA<\/p>\n<p>10.- CURA PINAT JOAQUINA \u2013 CLUB URQUIZA SANTA ELENA<\/p>\n<p>11.- FAVRE ANTONELLA \u2013 CLUB A. VILLA ELISA<\/p>\n<p>12.- LAUREIRO NAHIARA \u2013 CLUB A. VILLA ELISA<\/p>\n<p>13.- FERNANDEZ FLORENCIA \u2013 CLUB TOM\u00c1S DE ROCAMORA<\/p>\n<p>14.- CHEROT MATILDA \u2013 CLUB PARQUE SUR<\/p>\n<p>15.- ARUFE MICAELA \u2013 CLUB PARQUE SUR<\/p>\n<p>16.- BOULL\u00d3N FAIFER ISABELLA \u2013 CLUB CENTRAL ENTRERRIANO<\/p>\n<p>17.- CASENAVE SOFIA \u2013 CLUB CENTRAL ENTRERRIANO<\/p>\n<p>18.- FERNANDEZ FELISA \u2013 CLUB JUVENTUD UNIDA<\/p>\n<p>ENTRENADOR PRINCIPAL: G\u00d3MEZ CRISTI\u00c1N.-<\/p>\n<p>PREPARADOR F\u00cdSICO: ROMANATTI CRISTIAN.-<\/p>\n<p>JEFA DE EQUIPO: MAR\u00cdA BEL\u00c9N GARC\u00cdA PAZ.-<\/p>\n","protected":false},"excerpt":{"rendered":"<p>La Federaci\u00f3n de B\u00e1squetbol de Entre R\u00edos (FBER) convoc\u00f3 18 jugadoras para integrar la Preselecci\u00f3n U15 Femenina con miras a la participaci\u00f3n de los Juegos del Centro 2022 a disputarse en la ciudad de C\u00f3rdoba. La convocatoria ser\u00e1 d\u00eda martes 6 de septiembre en el club Atl\u00e9tico Villa Elisa (Irigoyen y Emilio Francou) a los [&hellip;]<\/p>\n","protected":false},"author":1,"featured_media":14685,"comment_status":"closed","ping_status":"open","sticky":false,"template":"","format":"standard","meta":[],"categories":[21],"tags":[],"_links":{"self":[{"href":"http:\/\/entreriosbasquet.com\/site\/wp-json\/wp\/v2\/posts\/14684"}],"collection":[{"href":"http:\/\/entreriosbasquet.com\/site\/wp-json\/wp\/v2\/posts"}],"about":[{"href":"http:\/\/entreriosbasquet.com\/site\/wp-json\/wp\/v2\/types\/post"}],"author":[{"embeddable":true,"href":"http:\/\/entreriosbasquet.com\/site\/wp-json\/wp\/v2\/users\/1"}],"replies":[{"embeddable":true,"href":"http:\/\/entreriosbasquet.com\/site\/wp-json\/wp\/v2\/comments?post=14684"}],"version-history":[{"count":1,"href":"http:\/\/entreriosbasquet.com\/site\/wp-json\/wp\/v2\/posts\/14684\/revisions"}],"predecessor-version":[{"id":14686,"href":"http:\/\/entreriosbasquet.com\/site\/wp-json\/wp\/v2\/posts\/14684\/revisions\/14686"}],"wp:featuredmedia":[{"embeddable":true,"href":"http:\/\/entreriosbasquet.com\/site\/wp-json\/wp\/v2\/media\/14685"}],"wp:attachment":[{"href":"http:\/\/entreriosbasquet.com\/site\/wp-json\/wp\/v2\/media?parent=14684"}],"wp:term":[{"taxonomy":"category","embeddable":true,"href":"http:\/\/entreriosbasquet.com\/site\/wp-json\/wp\/v2\/categories?post=14684"},{"taxonomy":"post_tag","embeddable":true,"href":"http:\/\/entreriosbasquet.com\/site\/wp-json\/wp\/v2\/tags?post=14684"}],"curies":[{"name":"wp","href":"https:\/\/api.w.org\/{rel}","templated":true}]}}