{"id":14674,"date":"2022-08-17T19:37:46","date_gmt":"2022-08-17T22:37:46","guid":{"rendered":"http:\/\/entreriosbasquet.com\/site\/?p=14674"},"modified":"2022-08-17T19:37:46","modified_gmt":"2022-08-17T22:37:46","slug":"banegas-reyes-y-pereyra-refuerzos-de-estudiantes","status":"publish","type":"post","link":"http:\/\/entreriosbasquet.com\/site\/2022\/08\/17\/banegas-reyes-y-pereyra-refuerzos-de-estudiantes\/","title":{"rendered":"Banegas Reyes y Pereyra, refuerzos de Estudiantes"},"content":{"rendered":"<p style=\"text-align: justify;\">La dirigencia del Club Estudiantes Concordia contin\u00faa sumando fichas al plantel que afrontar\u00e1 la Liga Argentina de B\u00e1squet 2022\/23. El pivot Rafael Banegas Reyes y el ala pivot Tom\u00e1s Pereyra son nuevos refuerzos del \u201cverde\u201d para la temporada que comenzar\u00e1 a mediados de octubre.<\/p>\n<p style=\"text-align: justify;\"><strong>Rafael Banegas Reyes<\/strong> ser\u00e1 uno de los internos del equipo concordiense. El pivot de 2,04 metros naci\u00f3 en Ranchillos, Tucum\u00e1n el 24 de noviembre de 1992. Tiene 29 a\u00f1os y en la \u00faltima temporada disput\u00f3 la Liga Argentina con la camiseta de Z\u00e1rate B\u00e1sket, equipo que lleg\u00f3 a la final del certamen.<\/p>\n<p style=\"text-align: justify;\">El tucumano tambi\u00e9n visti\u00f3 las camisetas de Talleres de Taf\u00ed Viejo, Uni\u00f3n de Santa Fe, Mitre de Tucum\u00e1n y San Mart\u00edn de La Rioja. Gran parte de las formativas las realiz\u00f3 en Tucum\u00e1n BB.<\/p>\n<p style=\"text-align: justify;\"><strong>Tom\u00e1s Pereyra<\/strong> tambi\u00e9n se incorporar\u00e1 al equipo que ser\u00e1 dirigido por Fernando Malara. El ala pivot de 2,02 metros naci\u00f3 en Buenos Aires el 9 de noviembre del 2000. Tiene 21 a\u00f1os y en la \u00faltima temporada jug\u00f3 la Liga LEB Plata de Espa\u00f1a en La Roda y seis encuentros en San Lorenzo de Almagro en la Liga Nacional. Anteriormente disput\u00f3 la Liga EBA tambi\u00e9n de Espa\u00f1a con la Filial de UCAM Murcia y sus inicios fueron en Mor\u00f3n y Boca Juniors donde tuvo una gran temporada en la Liga de Desarrollo. Tambi\u00e9n tuvo minutos en la Liga Nacional con la camiseta del \u201cxeneize\u201d.<\/p>\n","protected":false},"excerpt":{"rendered":"<p>La dirigencia del Club Estudiantes Concordia contin\u00faa sumando fichas al plantel que afrontar\u00e1 la Liga Argentina de B\u00e1squet 2022\/23. El pivot Rafael Banegas Reyes y el ala pivot Tom\u00e1s Pereyra son nuevos refuerzos del \u201cverde\u201d para la temporada que comenzar\u00e1 a mediados de octubre. Rafael Banegas Reyes ser\u00e1 uno de los internos del equipo concordiense. [&hellip;]<\/p>\n","protected":false},"author":1,"featured_media":14675,"comment_status":"closed","ping_status":"open","sticky":false,"template":"","format":"standard","meta":[],"categories":[11],"tags":[],"_links":{"self":[{"href":"http:\/\/entreriosbasquet.com\/site\/wp-json\/wp\/v2\/posts\/14674"}],"collection":[{"href":"http:\/\/entreriosbasquet.com\/site\/wp-json\/wp\/v2\/posts"}],"about":[{"href":"http:\/\/entreriosbasquet.com\/site\/wp-json\/wp\/v2\/types\/post"}],"author":[{"embeddable":true,"href":"http:\/\/entreriosbasquet.com\/site\/wp-json\/wp\/v2\/users\/1"}],"replies":[{"embeddable":true,"href":"http:\/\/entreriosbasquet.com\/site\/wp-json\/wp\/v2\/comments?post=14674"}],"version-history":[{"count":1,"href":"http:\/\/entreriosbasquet.com\/site\/wp-json\/wp\/v2\/posts\/14674\/revisions"}],"predecessor-version":[{"id":14676,"href":"http:\/\/entreriosbasquet.com\/site\/wp-json\/wp\/v2\/posts\/14674\/revisions\/14676"}],"wp:featuredmedia":[{"embeddable":true,"href":"http:\/\/entreriosbasquet.com\/site\/wp-json\/wp\/v2\/media\/14675"}],"wp:attachment":[{"href":"http:\/\/entreriosbasquet.com\/site\/wp-json\/wp\/v2\/media?parent=14674"}],"wp:term":[{"taxonomy":"category","embeddable":true,"href":"http:\/\/entreriosbasquet.com\/site\/wp-json\/wp\/v2\/categories?post=14674"},{"taxonomy":"post_tag","embeddable":true,"href":"http:\/\/entreriosbasquet.com\/site\/wp-json\/wp\/v2\/tags?post=14674"}],"curies":[{"name":"wp","href":"https:\/\/api.w.org\/{rel}","templated":true}]}}