{"id":14650,"date":"2022-08-12T00:43:18","date_gmt":"2022-08-12T03:43:18","guid":{"rendered":"http:\/\/entreriosbasquet.com\/site\/?p=14650"},"modified":"2022-08-14T00:44:18","modified_gmt":"2022-08-14T03:44:18","slug":"estudiantes-suma-a-sesto-y-yaskulka","status":"publish","type":"post","link":"http:\/\/entreriosbasquet.com\/site\/2022\/08\/12\/estudiantes-suma-a-sesto-y-yaskulka\/","title":{"rendered":"Estudiantes suma a Sesto y Yaskulka"},"content":{"rendered":"<p style=\"text-align: justify;\">El Club Estudiantes Concordia contin\u00faa con el armado de su plantel de cara a la venidera temporada en la Liga Argentina de B\u00e1squet. La dirigencia de la instituci\u00f3n confirm\u00f3 la contrataci\u00f3n de los aleros Mat\u00edas Sesto y Santiago Yaskulka.<span id=\"more-30094\"><\/span><\/p>\n<p style=\"text-align: justify;\">El \u201cverde\u201d contin\u00faa con la conformaci\u00f3n de su plantel con miras a la tercera temporada consecutiva que afrontar\u00e1 en la segunda categor\u00eda del b\u00e1squet argentino. Mat\u00edas Sesto ser\u00e1 uno de los refuerzos. El alero naci\u00f3 en Olavarr\u00eda el 28 de noviembre de 1991. Mide 1,95 metros y tiene 30 a\u00f1os. En la \u00faltima temporada visti\u00f3 la camiseta de Ciclista Juninense en la Liga Argentina. Previamente jug\u00f3 dos temporadas en Estudiantes de Olavarr\u00eda y tambi\u00e9n dos en Gimnasia de La Plata. El perimetral jug\u00f3 tres ligas provinciales en Atenas de La Plata, un Torneo Federal en Sportsmen Unidos de Rosario, otro con la camiseta del bataraz, un TNA en Sport Club Ca\u00f1adense y dos Liga Nacional como juvenil en Pe\u00f1arol de Mar del Plata. Sus inicios fueron en Pueblo Nuevo de Olavarr\u00eda<\/p>\n<p style=\"text-align: justify;\">Adem\u00e1s el \u201cverde\u201d sum\u00f3 al alero Santiago Yaskulka. Naci\u00f3 el 22 de noviembre de 1999 en Capital Federal. Mide 1,95 metros y tiene 22 a\u00f1os. Ser\u00e1n otra de las fichas U23. Viene de jugar la \u00faltima Liga Federal en Ramos Mej\u00eda. Anteriormente estuvo en Obras B\u00e1sket disputando las categor\u00edas formativas y sus inicios fueron en Ateneo Popular de Versailles.<\/p>\n<p style=\"text-align: justify;\">De esta manera, el equipo entrerriano completa sus fichas U23 contando a Mat\u00edas Alluch\u00f3n, \u00c1lvaro Yarza y Ramiro Rattero y contin\u00faa en la b\u00fasqueda de otras fichas mayores para completar la plantilla.<\/p>\n","protected":false},"excerpt":{"rendered":"<p>El Club Estudiantes Concordia contin\u00faa con el armado de su plantel de cara a la venidera temporada en la Liga Argentina de B\u00e1squet. La dirigencia de la instituci\u00f3n confirm\u00f3 la contrataci\u00f3n de los aleros Mat\u00edas Sesto y Santiago Yaskulka. El \u201cverde\u201d contin\u00faa con la conformaci\u00f3n de su plantel con miras a la tercera temporada consecutiva [&hellip;]<\/p>\n","protected":false},"author":1,"featured_media":14651,"comment_status":"closed","ping_status":"open","sticky":false,"template":"","format":"standard","meta":[],"categories":[11],"tags":[],"_links":{"self":[{"href":"http:\/\/entreriosbasquet.com\/site\/wp-json\/wp\/v2\/posts\/14650"}],"collection":[{"href":"http:\/\/entreriosbasquet.com\/site\/wp-json\/wp\/v2\/posts"}],"about":[{"href":"http:\/\/entreriosbasquet.com\/site\/wp-json\/wp\/v2\/types\/post"}],"author":[{"embeddable":true,"href":"http:\/\/entreriosbasquet.com\/site\/wp-json\/wp\/v2\/users\/1"}],"replies":[{"embeddable":true,"href":"http:\/\/entreriosbasquet.com\/site\/wp-json\/wp\/v2\/comments?post=14650"}],"version-history":[{"count":1,"href":"http:\/\/entreriosbasquet.com\/site\/wp-json\/wp\/v2\/posts\/14650\/revisions"}],"predecessor-version":[{"id":14652,"href":"http:\/\/entreriosbasquet.com\/site\/wp-json\/wp\/v2\/posts\/14650\/revisions\/14652"}],"wp:featuredmedia":[{"embeddable":true,"href":"http:\/\/entreriosbasquet.com\/site\/wp-json\/wp\/v2\/media\/14651"}],"wp:attachment":[{"href":"http:\/\/entreriosbasquet.com\/site\/wp-json\/wp\/v2\/media?parent=14650"}],"wp:term":[{"taxonomy":"category","embeddable":true,"href":"http:\/\/entreriosbasquet.com\/site\/wp-json\/wp\/v2\/categories?post=14650"},{"taxonomy":"post_tag","embeddable":true,"href":"http:\/\/entreriosbasquet.com\/site\/wp-json\/wp\/v2\/tags?post=14650"}],"curies":[{"name":"wp","href":"https:\/\/api.w.org\/{rel}","templated":true}]}}