{"id":14646,"date":"2022-08-11T09:21:12","date_gmt":"2022-08-11T12:21:12","guid":{"rendered":"http:\/\/entreriosbasquet.com\/site\/?p=14646"},"modified":"2022-08-11T09:21:12","modified_gmt":"2022-08-11T12:21:12","slug":"ghirardi-las-sensaciones-fueron-muy-buenas","status":"publish","type":"post","link":"http:\/\/entreriosbasquet.com\/site\/2022\/08\/11\/ghirardi-las-sensaciones-fueron-muy-buenas\/","title":{"rendered":"Ghirardi: \u00abLas sensaciones fueron muy buenas\u00bb"},"content":{"rendered":"<p style=\"text-align: justify;\">El pasado viernes se llev\u00f3 a cabo la primera fecha del torneo Pre Federal 2022, en la cual Hurac\u00e1n de Villaguay se alz\u00f3 con la victoria ante La Armon\u00eda de Col\u00f3n por 84-66.<\/p>\n<p style=\"text-align: justify;\">Desde el Departamento de Prensa de Hurac\u00e1n, tuvimos la oportunidad de dialogar con uno de los m\u00e1s experimentados y \u201cveteranos\u201d del plantel,\u00a0<strong>Martin \u201cPipa\u201d Ghirardi<\/strong>, quien nos dej\u00f3 sus sensaciones del estreno:\u00a0<em>\u201cLas sensaciones fueron muy buenas, tuvimos una actitud positiva para poder remontar la desventaja con la cual nos fuimos al descanso. El apoyo de la gente influy\u00f3 mucho en el triunfo, adem\u00e1s siempre es positivo arrancar ganando y sobre todo si es de local. Contamos con un gran plantel y una fuerte localia\u201d.<\/em><\/p>\n<p style=\"text-align: justify;\">Por otra parte, el escolta, hoy por necesidades del equipo jugando en otra posici\u00f3n, nos contaba su nuevo rol dentro del grupo.\u00a0<em>\u201cLa mayor parte del tiempo me toca jugar de ala p\u00edvot porque es donde se me necesita. Hace casi tres a\u00f1os que no vengo entrenando y con el correr de las fechas espero ponerme \u00f3ptimo y darle una mano al equipo, al cuerpo t\u00e9cnico y al club. Nahuel sabe que estoy a disposici\u00f3n de jugar en la posici\u00f3n que me necesiten, rendir lo mejor posible y dejar a Hurac\u00e1n en lo m\u00e1s alto\u201d, asever\u00f3.<\/em><\/p>\n<p style=\"text-align: justify;\">Tambi\u00e9n habl\u00f3 de cuales fueron los puntos clave que tuvo el conjunto villaguayense para remontar el encuentro:\u00a0<em>\u201cFue un primer cuarto parejo, donde estuvimos bien pero nos falt\u00f3 ajustar algunas falencias defensivas, fue un goleo alto. Luego en el segundo cuarto, La Armon\u00eda nos plante\u00f3 una zona, nos apresuramos en los tiros y ellos aprovecharon el contraataque y se encontraron con una ventaja m\u00e1s que merecida. Hicimos hincapi\u00e9 en evitar que ellos corran, no tomar tiros apresurados, ganar rebotes defensivos y generar situaciones cerca del aro. Creo que esas fueron las claves, adem\u00e1s del gran arranque que tuvimos en el tercer cuarto.\u201d<\/em><\/p>\n<p style=\"text-align: justify;\">El \u201cpibe de 40\u201d cerr\u00f3 diciendo que\u00a0<em>\u201cfuimos justos vencedores, buscamos la victoria en todo momento, pudimos rotar al plantel, tener intensidad atr\u00e1s, que de a poco los m\u00e1s viejitos nos vamos acoplando y pese a ese cierre del primer tiempo logramos manejar el partido y cerrarlo con un resultado positivo ante nuestra gente<\/em>\u00ab.<\/p>\n<p style=\"text-align: justify;\"><strong><em>POR MARTIN POQUE \u2013 PRENSA HURAC\u00c1N<\/em><\/strong><\/p>\n","protected":false},"excerpt":{"rendered":"<p>El pasado viernes se llev\u00f3 a cabo la primera fecha del torneo Pre Federal 2022, en la cual Hurac\u00e1n de Villaguay se alz\u00f3 con la victoria ante La Armon\u00eda de Col\u00f3n por 84-66. Desde el Departamento de Prensa de Hurac\u00e1n, tuvimos la oportunidad de dialogar con uno de los m\u00e1s experimentados y \u201cveteranos\u201d del plantel,\u00a0Martin [&hellip;]<\/p>\n","protected":false},"author":1,"featured_media":14647,"comment_status":"closed","ping_status":"open","sticky":false,"template":"","format":"standard","meta":[],"categories":[17],"tags":[640,194],"_links":{"self":[{"href":"http:\/\/entreriosbasquet.com\/site\/wp-json\/wp\/v2\/posts\/14646"}],"collection":[{"href":"http:\/\/entreriosbasquet.com\/site\/wp-json\/wp\/v2\/posts"}],"about":[{"href":"http:\/\/entreriosbasquet.com\/site\/wp-json\/wp\/v2\/types\/post"}],"author":[{"embeddable":true,"href":"http:\/\/entreriosbasquet.com\/site\/wp-json\/wp\/v2\/users\/1"}],"replies":[{"embeddable":true,"href":"http:\/\/entreriosbasquet.com\/site\/wp-json\/wp\/v2\/comments?post=14646"}],"version-history":[{"count":1,"href":"http:\/\/entreriosbasquet.com\/site\/wp-json\/wp\/v2\/posts\/14646\/revisions"}],"predecessor-version":[{"id":14648,"href":"http:\/\/entreriosbasquet.com\/site\/wp-json\/wp\/v2\/posts\/14646\/revisions\/14648"}],"wp:featuredmedia":[{"embeddable":true,"href":"http:\/\/entreriosbasquet.com\/site\/wp-json\/wp\/v2\/media\/14647"}],"wp:attachment":[{"href":"http:\/\/entreriosbasquet.com\/site\/wp-json\/wp\/v2\/media?parent=14646"}],"wp:term":[{"taxonomy":"category","embeddable":true,"href":"http:\/\/entreriosbasquet.com\/site\/wp-json\/wp\/v2\/categories?post=14646"},{"taxonomy":"post_tag","embeddable":true,"href":"http:\/\/entreriosbasquet.com\/site\/wp-json\/wp\/v2\/tags?post=14646"}],"curies":[{"name":"wp","href":"https:\/\/api.w.org\/{rel}","templated":true}]}}