{"id":14618,"date":"2022-07-30T20:14:46","date_gmt":"2022-07-30T23:14:46","guid":{"rendered":"http:\/\/entreriosbasquet.com\/site\/?p=14618"},"modified":"2022-08-01T20:17:03","modified_gmt":"2022-08-01T23:17:03","slug":"cergneux-el-mundial-fue-una-sensacion-unica","status":"publish","type":"post","link":"http:\/\/entreriosbasquet.com\/site\/2022\/07\/30\/cergneux-el-mundial-fue-una-sensacion-unica\/","title":{"rendered":"Cergneux: \u00abEl Mundial fue una sensaci\u00f3n \u00fanica\u00bb"},"content":{"rendered":"<p style=\"text-align: justify;\">La jugadora Delfina Cergneux represent\u00f3 a la Selecci\u00f3n Argentina en el Mundial U17 Femenino, disputado en Hungr\u00eda. Actualmente defendiendo los colores de Tom\u00e1s de Rocamora, surgida en La Armon\u00eda de Col\u00f3n, habl\u00f3 de la experiencia que signific\u00f3 vestir la camiseta celeste y blanca en un certamen internacional. Tambi\u00e9n se refiri\u00f3 a la Liga Femenina y sus desaf\u00edos por delante.<\/p>\n<p style=\"text-align: justify;\">La juvenil Delfina Cergneux de un 1.82, de una proyecci\u00f3n notable, es una pivote nacida en Col\u00f3n. Comenz\u00f3 a jugar al\u00a0\u00a0b\u00e1squet a los 11 a\u00f1os en el Club La armon\u00eda de Col\u00f3n, ciudad de donde vive actualmente. Unos a\u00f1os despu\u00e9s desembarc\u00f3 en el Club Tomas de Rocamora de la mano de Gonzalo Jaquet, ex entrenador de las Formativas Rojas. Apenas cinco a\u00f1os despu\u00e9s fue integrante del plantel mundialista U17 que dirigi\u00f3 Laura Gonz\u00e1lez.<\/p>\n<p style=\"text-align: justify;\">\u00abFue una sensaci\u00f3n \u00fanica, y vivir esa experiencia mundialista es un honor para m\u00ed, como tambi\u00e9n la responsabilidad en cuanto a el lugar que ocup\u00e9 y a la cantidad de chicas que estamos representando. Fue incre\u00edble, un sue\u00f1o cumplido, pude compartir todo esto con un equipo hermoso, tanto mis compa\u00f1eras como el cuerpo t\u00e9cnico estuvieron siempre apoy\u00e1ndome; poder cruzarme con los mejores del mundo es una locura, pero la verdad que es un orgullo y un logro personal\u00bb, asegur\u00f3.<\/p>\n<p style=\"text-align: justify;\">Delfina habla de la exigencia que tuvo este Mundial con un alto nivel de competencia y su experiencia personal mejorando su rol en la cancha. \u00abEl nivel de la competencia fue alt\u00edsimo, la exigencia que se necesita para poder competir fue mucha, pero nosotras dimos lo mejor de cada una en todos los partidos y eso es lo m\u00e1s importante. Mi meta con, respecto al torneo, era poder jugar a un ritmo mucho mayor y el d\u00eda de ma\u00f1ana llegar a estar en un puesto mucho mejor. Me ayud\u00f3 a mejorar s\u00ed, siento que pude encontrar mi rol dentro de la cancha, con respecto a lo defensivo me sirvi\u00f3 much\u00edsimo encontrarme a chicas mucho m\u00e1s grandes en talla que yo, teni\u00e9ndome que esforzarme el doble para lograr defenderlas\u00bb, coment\u00f3 despu\u00e9s.<\/p>\n<p style=\"text-align: justify;\">Delfi vive en Col\u00f3n, ciudad ubicada a 40 km. de Concepci\u00f3n del Uruguay, viaja peri\u00f3dicamente desde hace cinco a\u00f1os a La Hist\u00f3rica (Concepci\u00f3n del Uruguay) para entrenar en el Club\u00a0 en el cual juega en la Liga Femenina, Liga Federal y actualmente se prepara para competir en la Liga Provincial de Clubes U17 Femenina.<\/p>\n<p style=\"text-align: justify;\">\u00abMe encantar\u00eda seguir jugando la Liga Femenina, como objetivo a nivel club, ser\u00e1 poder ganarme m\u00e1s minutos dentro de la cancha; aun mejor si es jugando la Liga Femenina y el Federal, y as\u00ed ir encontrando mi rol dentro del equipo. En cuanto a mi categor\u00eda U17, poder llegar lo m\u00e1s alto que podamos en el provincial, y pasar a la siguiente instancia en primera, poder ganarme minutos para mejorar lo m\u00e1s que pueda y encontrar otro roce que quiz\u00e1s en mi categor\u00eda no lo tengo\u00bb, concluy\u00f3 la interna.<\/p>\n","protected":false},"excerpt":{"rendered":"<p>La jugadora Delfina Cergneux represent\u00f3 a la Selecci\u00f3n Argentina en el Mundial U17 Femenino, disputado en Hungr\u00eda. Actualmente defendiendo los colores de Tom\u00e1s de Rocamora, surgida en La Armon\u00eda de Col\u00f3n, habl\u00f3 de la experiencia que signific\u00f3 vestir la camiseta celeste y blanca en un certamen internacional. Tambi\u00e9n se refiri\u00f3 a la Liga Femenina y [&hellip;]<\/p>\n","protected":false},"author":1,"featured_media":14619,"comment_status":"closed","ping_status":"open","sticky":false,"template":"","format":"standard","meta":[],"categories":[21],"tags":[],"_links":{"self":[{"href":"http:\/\/entreriosbasquet.com\/site\/wp-json\/wp\/v2\/posts\/14618"}],"collection":[{"href":"http:\/\/entreriosbasquet.com\/site\/wp-json\/wp\/v2\/posts"}],"about":[{"href":"http:\/\/entreriosbasquet.com\/site\/wp-json\/wp\/v2\/types\/post"}],"author":[{"embeddable":true,"href":"http:\/\/entreriosbasquet.com\/site\/wp-json\/wp\/v2\/users\/1"}],"replies":[{"embeddable":true,"href":"http:\/\/entreriosbasquet.com\/site\/wp-json\/wp\/v2\/comments?post=14618"}],"version-history":[{"count":1,"href":"http:\/\/entreriosbasquet.com\/site\/wp-json\/wp\/v2\/posts\/14618\/revisions"}],"predecessor-version":[{"id":14620,"href":"http:\/\/entreriosbasquet.com\/site\/wp-json\/wp\/v2\/posts\/14618\/revisions\/14620"}],"wp:featuredmedia":[{"embeddable":true,"href":"http:\/\/entreriosbasquet.com\/site\/wp-json\/wp\/v2\/media\/14619"}],"wp:attachment":[{"href":"http:\/\/entreriosbasquet.com\/site\/wp-json\/wp\/v2\/media?parent=14618"}],"wp:term":[{"taxonomy":"category","embeddable":true,"href":"http:\/\/entreriosbasquet.com\/site\/wp-json\/wp\/v2\/categories?post=14618"},{"taxonomy":"post_tag","embeddable":true,"href":"http:\/\/entreriosbasquet.com\/site\/wp-json\/wp\/v2\/tags?post=14618"}],"curies":[{"name":"wp","href":"https:\/\/api.w.org\/{rel}","templated":true}]}}