{"id":14612,"date":"2022-07-29T19:51:04","date_gmt":"2022-07-29T22:51:04","guid":{"rendered":"http:\/\/entreriosbasquet.com\/site\/?p=14612"},"modified":"2022-07-29T19:51:04","modified_gmt":"2022-07-29T22:51:04","slug":"echague-confirmo-a-los-hermanos-fernandez-alvarez","status":"publish","type":"post","link":"http:\/\/entreriosbasquet.com\/site\/2022\/07\/29\/echague-confirmo-a-los-hermanos-fernandez-alvarez\/","title":{"rendered":"Echag\u00fce confirm\u00f3 a los hermanos Fern\u00e1ndez \u00c1lvarez"},"content":{"rendered":"<div style=\"text-align: justify;\">El base Joaqu\u00edn Fern\u00e1ndez \u00c1lvarez asegur\u00f3 la continuidad en el club paranaense, y se dio a conocer que su hermano, Bautista, que juega de escolta alero, llega a pr\u00e9stamo\u00a0desde Quimsa. Los hermanos se suman al equipo liderado por Bonell, con Ru\u00edz Moreno, Zulberti, y Gonz\u00e1lez hasta el momento.<\/div>\n<div style=\"text-align: justify;\"><\/div>\n<p style=\"text-align: justify;\">La continuidad del base Joaqu\u00edn Fern\u00e1ndez \u00c1lvarez es un hecho para Echag\u00fce de Paran\u00e1. Fern\u00e1ndez ya form\u00f3 parte del equipo en la temporada anterior. Jug\u00f3 38 partidos con promedios de 16,8 minutos, 3,8 puntos, y 1,5 asistencias. El base de 1,89, nacido en Paran\u00e1 en 2003, ser\u00e1 ficha menor tambi\u00e9n en esta temporada.<\/p>\n<p>Joaqu\u00edn integr\u00f3 este mes la selecci\u00f3n de Paran\u00e1 U19, campe\u00f3n entrerriano de la categor\u00eda en Gualeguaych\u00fa. En la final anot\u00f3 37 puntos y fue destacado como la figura del campe\u00f3n, determinante en el cierre. Esta semana jug\u00f3 para Echag\u00fce el 3&#215;3 organizado por CAB ADC.<\/p>\n<div style=\"text-align: justify;\">Ahora, la incorporaci\u00f3n es del escolta alero Bautista Fern\u00e1ndez \u00c1lvarez, quien llega a pr\u00e9stamo de Quimsa de Santiago del Estero. En la temporada anterior jug\u00f3 en Salta B\u00e1sket Liga Argentina y Bancario en Liga Federal.\u00a0 El jugador de 1,95 nacido en Paran\u00e1, clase 2001, y ser\u00e1 ficha U23 en esta temporada.<\/p>\n<p>Echag\u00fce ya confirm\u00f3 a Oscar Bonell como entrenador por cuarta temporada consecutiva, y a Lisandro Ruiz Moreno, Germ\u00e1n Gonz\u00e1lez y a Ignacio Zulberti como fichas mayores. Entre dirigentes y el cuerpo t\u00e9cnico contin\u00faan armando el plantel que comenzar\u00e1 la pretemporada el 1 de septiembre y la temporada el 15 de Octubre.\u00a0Ser\u00e1 la temporada 39 de Echag\u00fce en Liga Nacional.<\/p><\/div>\n","protected":false},"excerpt":{"rendered":"<p>El base Joaqu\u00edn Fern\u00e1ndez \u00c1lvarez asegur\u00f3 la continuidad en el club paranaense, y se dio a conocer que su hermano, Bautista, que juega de escolta alero, llega a pr\u00e9stamo\u00a0desde Quimsa. Los hermanos se suman al equipo liderado por Bonell, con Ru\u00edz Moreno, Zulberti, y Gonz\u00e1lez hasta el momento. La continuidad del base Joaqu\u00edn Fern\u00e1ndez \u00c1lvarez [&hellip;]<\/p>\n","protected":false},"author":1,"featured_media":14613,"comment_status":"closed","ping_status":"open","sticky":false,"template":"","format":"standard","meta":[],"categories":[11],"tags":[],"_links":{"self":[{"href":"http:\/\/entreriosbasquet.com\/site\/wp-json\/wp\/v2\/posts\/14612"}],"collection":[{"href":"http:\/\/entreriosbasquet.com\/site\/wp-json\/wp\/v2\/posts"}],"about":[{"href":"http:\/\/entreriosbasquet.com\/site\/wp-json\/wp\/v2\/types\/post"}],"author":[{"embeddable":true,"href":"http:\/\/entreriosbasquet.com\/site\/wp-json\/wp\/v2\/users\/1"}],"replies":[{"embeddable":true,"href":"http:\/\/entreriosbasquet.com\/site\/wp-json\/wp\/v2\/comments?post=14612"}],"version-history":[{"count":1,"href":"http:\/\/entreriosbasquet.com\/site\/wp-json\/wp\/v2\/posts\/14612\/revisions"}],"predecessor-version":[{"id":14614,"href":"http:\/\/entreriosbasquet.com\/site\/wp-json\/wp\/v2\/posts\/14612\/revisions\/14614"}],"wp:featuredmedia":[{"embeddable":true,"href":"http:\/\/entreriosbasquet.com\/site\/wp-json\/wp\/v2\/media\/14613"}],"wp:attachment":[{"href":"http:\/\/entreriosbasquet.com\/site\/wp-json\/wp\/v2\/media?parent=14612"}],"wp:term":[{"taxonomy":"category","embeddable":true,"href":"http:\/\/entreriosbasquet.com\/site\/wp-json\/wp\/v2\/categories?post=14612"},{"taxonomy":"post_tag","embeddable":true,"href":"http:\/\/entreriosbasquet.com\/site\/wp-json\/wp\/v2\/tags?post=14612"}],"curies":[{"name":"wp","href":"https:\/\/api.w.org\/{rel}","templated":true}]}}