{"id":14558,"date":"2022-07-13T10:26:03","date_gmt":"2022-07-13T13:26:03","guid":{"rendered":"http:\/\/entreriosbasquet.com\/site\/?p=14558"},"modified":"2022-07-13T10:26:03","modified_gmt":"2022-07-13T13:26:03","slug":"aldo-risso-es-el-nuevo-dt-de-neptunia","status":"publish","type":"post","link":"http:\/\/entreriosbasquet.com\/site\/2022\/07\/13\/aldo-risso-es-el-nuevo-dt-de-neptunia\/","title":{"rendered":"Aldo Risso es el nuevo DT de Neptunia"},"content":{"rendered":"<p style=\"text-align: justify;\"><strong>Aldo Risso<\/strong> estar\u00e1 a cargo del plantel de Primera Divisi\u00f3n del club Neptunia para la Liga Pre Federal de b\u00e1squet, que comenzar\u00e1 el pr\u00f3ximo 5 de agosto, confirm\u00f3 ayer la dirigencia tricolor.<\/p>\n<p style=\"text-align: justify;\">El flamante t\u00e9cnico fue asistente de Francisco Garciarena en las \u00faltimas tres temporadas, en donde fue campe\u00f3n de la Liga Provincial 2018\/19 y luego integr\u00f3 el cuerpo t\u00e9cnico del Torneo Federal 2019\/20 y de la reciente Liga Federal 2022.<\/p>\n<p style=\"text-align: justify;\">Adem\u00e1s, el ex jugador de Racing y Juventud Unida se encuentra trabajando en las divisiones formativas de la entidad de calle Churruar\u00edn.<\/p>\n<p style=\"text-align: justify;\">Por otra parte, en las \u00faltimas horas de ayer, Neptunia confirm\u00f3 la continuidad del base correntino Cristian P\u00e9rez, quien ocupar\u00e1 una de las fichas U21.<\/p>\n<p style=\"text-align: justify;\"><em><strong>Neptunia debuta con Regatas<\/strong><\/em><\/p>\n<p style=\"text-align: justify;\">La Federaci\u00f3n Entrerriana de B\u00e1squet (FBER) confirm\u00f3 el fixture para el Pre-Federal y en la primera fecha, el conjunto tricolor recibir\u00e1 el s\u00e1bado 6 de agosto a su par de Concepci\u00f3n del Uruguay.<\/p>\n<p style=\"text-align: justify;\">Ese mismo d\u00eda, Racing ser\u00e1 local de BH de Gualeguay y Central Entrerriano recibir\u00e1 a Pe\u00f1arol de Tala, todo en el marco de la Conferencia 1.<\/p>\n<p style=\"text-align: justify;\">Por su parte, Juventud Unida debutar\u00e1 el viernes 5 como local ante Ferro de San Salvador por la Conferencia 2.<\/p>\n","protected":false},"excerpt":{"rendered":"<p>Aldo Risso estar\u00e1 a cargo del plantel de Primera Divisi\u00f3n del club Neptunia para la Liga Pre Federal de b\u00e1squet, que comenzar\u00e1 el pr\u00f3ximo 5 de agosto, confirm\u00f3 ayer la dirigencia tricolor. El flamante t\u00e9cnico fue asistente de Francisco Garciarena en las \u00faltimas tres temporadas, en donde fue campe\u00f3n de la Liga Provincial 2018\/19 y [&hellip;]<\/p>\n","protected":false},"author":1,"featured_media":14559,"comment_status":"closed","ping_status":"open","sticky":false,"template":"","format":"standard","meta":[],"categories":[17],"tags":[47,638],"_links":{"self":[{"href":"http:\/\/entreriosbasquet.com\/site\/wp-json\/wp\/v2\/posts\/14558"}],"collection":[{"href":"http:\/\/entreriosbasquet.com\/site\/wp-json\/wp\/v2\/posts"}],"about":[{"href":"http:\/\/entreriosbasquet.com\/site\/wp-json\/wp\/v2\/types\/post"}],"author":[{"embeddable":true,"href":"http:\/\/entreriosbasquet.com\/site\/wp-json\/wp\/v2\/users\/1"}],"replies":[{"embeddable":true,"href":"http:\/\/entreriosbasquet.com\/site\/wp-json\/wp\/v2\/comments?post=14558"}],"version-history":[{"count":1,"href":"http:\/\/entreriosbasquet.com\/site\/wp-json\/wp\/v2\/posts\/14558\/revisions"}],"predecessor-version":[{"id":14560,"href":"http:\/\/entreriosbasquet.com\/site\/wp-json\/wp\/v2\/posts\/14558\/revisions\/14560"}],"wp:featuredmedia":[{"embeddable":true,"href":"http:\/\/entreriosbasquet.com\/site\/wp-json\/wp\/v2\/media\/14559"}],"wp:attachment":[{"href":"http:\/\/entreriosbasquet.com\/site\/wp-json\/wp\/v2\/media?parent=14558"}],"wp:term":[{"taxonomy":"category","embeddable":true,"href":"http:\/\/entreriosbasquet.com\/site\/wp-json\/wp\/v2\/categories?post=14558"},{"taxonomy":"post_tag","embeddable":true,"href":"http:\/\/entreriosbasquet.com\/site\/wp-json\/wp\/v2\/tags?post=14558"}],"curies":[{"name":"wp","href":"https:\/\/api.w.org\/{rel}","templated":true}]}}