{"id":14445,"date":"2022-06-18T07:36:04","date_gmt":"2022-06-18T10:36:04","guid":{"rendered":"http:\/\/entreriosbasquet.com\/site\/?p=14445"},"modified":"2022-06-18T07:36:04","modified_gmt":"2022-06-18T10:36:04","slug":"nacho-respaud-jugara-el-mundial-u17","status":"publish","type":"post","link":"http:\/\/entreriosbasquet.com\/site\/2022\/06\/18\/nacho-respaud-jugara-el-mundial-u17\/","title":{"rendered":"\u00abNacho\u00bb Respaud jugar\u00e1 el Mundial U17"},"content":{"rendered":"<p style=\"text-align: justify;\">La Confederaci\u00f3n Argentina dio a conocer el plantel de 12 jugadores que representar\u00e1n al pa\u00eds en el Mundial U17 a jugarse del 2 al 10 de julio pr\u00f3ximos en el M\u00e1laga, Espa\u00f1a. En el plantel se encuentra el uruguayense Juan Ignacio Respaud (Obras Basket).<\/p>\n<p style=\"text-align: justify;\">El equipo nacional\u00a0estar\u00e1 dirigido por Leonardo Guti\u00e9rrez y formar\u00e1 parte del Grupo D junto con Egipto, Polonia y un equipo de Asia u Ocean\u00eda por clasificar, rivales en ese orden (2, 3 y 5 de julio).<\/p>\n<p style=\"text-align: justify;\">Del certamen participar\u00e1n 16 selecciones en cuatro zonas (A, B, C y D) y a la siguiente instancia clasificar\u00e1n todos enfrent\u00e1ndose 1A-4B, 2A-3B, B2-A3, B1-A4; C1-D4, C2-D3, D2-C3 y D1-C4.<\/p>\n<p style=\"text-align: justify;\">En el Grupo A jugar\u00e1n Francia, Serbia, Canad\u00e1; en el B Espa\u00f1a, Dominicana y Lituania y en el C EE.UU, Eslovenia y Mal\u00ed. En cada grupo se agregar\u00e1 un seleccionado de Asia u Ocean\u00eda.<\/p>\n<p><strong>\u2666 SELECCIONADO U17: PLANTEL<\/strong><\/p>\n<p><em><strong>Juan Ignacio Respaud | 1.89 | 2005 | Obras Sanitarias<\/strong><\/em><br \/>\nV\u00edctor Emir P\u00e9rez Barrios | 1.89 | 2005 | Obras Sanitarias<br \/>\nJuan Bocca | 1.98 | 2005 | Obraoiro (Espa\u00f1a)<br \/>\nLucas Giovannetti | 2.01 | 2005 | Estudiantes de Madrid (Espa\u00f1a)<br \/>\nTiago Drocezesky | 1.93 | 2005 | Bah\u00eda Basket<br \/>\nDrazen Sinigoj | 1.92 | 2005 | Mont Carmel School (EE.UU)<br \/>\nTom\u00e1s Fern\u00e1ndez Lang | 1.97 | 2006 | Agrigento (Italia)<br \/>\nM\u00e1ximo Lomello | 2.02 | 2005 | Atenas de C\u00f3rdoba<br \/>\nSantiago Bilbao | 1.98 | 2005 | Argentino de Jun\u00edn<br \/>\nJoaqu\u00edn L\u00f3pez Lorens | 2.03 | 2005 | Obras Sanitarias<br \/>\nLautaro Viatri | 2.02 | 2005 | Lagomar (Uruguay)<br \/>\nIv\u00e1n Prato | 2.05 | 2007 | Uni\u00f3n Central de Villa Mar\u00eda<\/p>\n<p>CUERPO T\u00c9CNICO<br \/>\nEntrenador: Leonardo Guti\u00e9rrez<br \/>\nAsistente: Federico Renzetti<br \/>\nAsistente: Guido Fabbris Rotelli<br \/>\nPreparador F\u00edsico: Alejandro Faisal<br \/>\nKinesi\u00f3logo: Cristian Airala<br \/>\nUtilero: Christian Pizzarelli<br \/>\nM\u00e9dico: Mariano D\u2019Elia<br \/>\nCoordinador: Herman Mandole<\/p>\n","protected":false},"excerpt":{"rendered":"<p>La Confederaci\u00f3n Argentina dio a conocer el plantel de 12 jugadores que representar\u00e1n al pa\u00eds en el Mundial U17 a jugarse del 2 al 10 de julio pr\u00f3ximos en el M\u00e1laga, Espa\u00f1a. En el plantel se encuentra el uruguayense Juan Ignacio Respaud (Obras Basket). El equipo nacional\u00a0estar\u00e1 dirigido por Leonardo Guti\u00e9rrez y formar\u00e1 parte del [&hellip;]<\/p>\n","protected":false},"author":1,"featured_media":14446,"comment_status":"closed","ping_status":"open","sticky":false,"template":"","format":"standard","meta":[],"categories":[260],"tags":[],"_links":{"self":[{"href":"http:\/\/entreriosbasquet.com\/site\/wp-json\/wp\/v2\/posts\/14445"}],"collection":[{"href":"http:\/\/entreriosbasquet.com\/site\/wp-json\/wp\/v2\/posts"}],"about":[{"href":"http:\/\/entreriosbasquet.com\/site\/wp-json\/wp\/v2\/types\/post"}],"author":[{"embeddable":true,"href":"http:\/\/entreriosbasquet.com\/site\/wp-json\/wp\/v2\/users\/1"}],"replies":[{"embeddable":true,"href":"http:\/\/entreriosbasquet.com\/site\/wp-json\/wp\/v2\/comments?post=14445"}],"version-history":[{"count":1,"href":"http:\/\/entreriosbasquet.com\/site\/wp-json\/wp\/v2\/posts\/14445\/revisions"}],"predecessor-version":[{"id":14447,"href":"http:\/\/entreriosbasquet.com\/site\/wp-json\/wp\/v2\/posts\/14445\/revisions\/14447"}],"wp:featuredmedia":[{"embeddable":true,"href":"http:\/\/entreriosbasquet.com\/site\/wp-json\/wp\/v2\/media\/14446"}],"wp:attachment":[{"href":"http:\/\/entreriosbasquet.com\/site\/wp-json\/wp\/v2\/media?parent=14445"}],"wp:term":[{"taxonomy":"category","embeddable":true,"href":"http:\/\/entreriosbasquet.com\/site\/wp-json\/wp\/v2\/categories?post=14445"},{"taxonomy":"post_tag","embeddable":true,"href":"http:\/\/entreriosbasquet.com\/site\/wp-json\/wp\/v2\/tags?post=14445"}],"curies":[{"name":"wp","href":"https:\/\/api.w.org\/{rel}","templated":true}]}}