{"id":14435,"date":"2022-06-16T10:28:29","date_gmt":"2022-06-16T13:28:29","guid":{"rendered":"http:\/\/entreriosbasquet.com\/site\/?p=14435"},"modified":"2022-06-16T10:28:29","modified_gmt":"2022-06-16T13:28:29","slug":"cergneux-y-montanana-en-la-preseleccion-argentina-u17","status":"publish","type":"post","link":"http:\/\/entreriosbasquet.com\/site\/2022\/06\/16\/cergneux-y-montanana-en-la-preseleccion-argentina-u17\/","title":{"rendered":"Cergneux y Monta\u00f1ana, en la Preselecci\u00f3n Argentina U17"},"content":{"rendered":"<p style=\"text-align: justify;\">Las entrerrianas Delfina Cergneux y Clara Monta\u00f1ana, ambas jugadoras de Tom\u00e1s de Rocamora de Concepci\u00f3n del Uruguay, fueron convocadas para entrenar con la Preselecci\u00f3n U17 Femenina. Cabe recordar que la entrenadora del combinado nacional es la uruguayense Laura Gonz\u00e1lez.<\/p>\n<p style=\"text-align: justify;\">Los entrenamientos se desarrollar\u00e1n a partir del 23 de junio hasta el 5 de julio del corriente en las instalaciones del CeNARD, en Capital Federal, como parte de la preparaci\u00f3n para el Mundial FIBA, a disputarse en Hungr\u00eda, del 9 al 17 de julio de 2022.<\/p>\n","protected":false},"excerpt":{"rendered":"<p>Las entrerrianas Delfina Cergneux y Clara Monta\u00f1ana, ambas jugadoras de Tom\u00e1s de Rocamora de Concepci\u00f3n del Uruguay, fueron convocadas para entrenar con la Preselecci\u00f3n U17 Femenina. Cabe recordar que la entrenadora del combinado nacional es la uruguayense Laura Gonz\u00e1lez. Los entrenamientos se desarrollar\u00e1n a partir del 23 de junio hasta el 5 de julio del [&hellip;]<\/p>\n","protected":false},"author":1,"featured_media":14436,"comment_status":"closed","ping_status":"open","sticky":false,"template":"","format":"standard","meta":[],"categories":[21],"tags":[492,624],"_links":{"self":[{"href":"http:\/\/entreriosbasquet.com\/site\/wp-json\/wp\/v2\/posts\/14435"}],"collection":[{"href":"http:\/\/entreriosbasquet.com\/site\/wp-json\/wp\/v2\/posts"}],"about":[{"href":"http:\/\/entreriosbasquet.com\/site\/wp-json\/wp\/v2\/types\/post"}],"author":[{"embeddable":true,"href":"http:\/\/entreriosbasquet.com\/site\/wp-json\/wp\/v2\/users\/1"}],"replies":[{"embeddable":true,"href":"http:\/\/entreriosbasquet.com\/site\/wp-json\/wp\/v2\/comments?post=14435"}],"version-history":[{"count":1,"href":"http:\/\/entreriosbasquet.com\/site\/wp-json\/wp\/v2\/posts\/14435\/revisions"}],"predecessor-version":[{"id":14437,"href":"http:\/\/entreriosbasquet.com\/site\/wp-json\/wp\/v2\/posts\/14435\/revisions\/14437"}],"wp:featuredmedia":[{"embeddable":true,"href":"http:\/\/entreriosbasquet.com\/site\/wp-json\/wp\/v2\/media\/14436"}],"wp:attachment":[{"href":"http:\/\/entreriosbasquet.com\/site\/wp-json\/wp\/v2\/media?parent=14435"}],"wp:term":[{"taxonomy":"category","embeddable":true,"href":"http:\/\/entreriosbasquet.com\/site\/wp-json\/wp\/v2\/categories?post=14435"},{"taxonomy":"post_tag","embeddable":true,"href":"http:\/\/entreriosbasquet.com\/site\/wp-json\/wp\/v2\/tags?post=14435"}],"curies":[{"name":"wp","href":"https:\/\/api.w.org\/{rel}","templated":true}]}}