{"id":13810,"date":"2022-01-08T09:32:49","date_gmt":"2022-01-08T12:32:49","guid":{"rendered":"http:\/\/entreriosbasquet.com\/site\/?p=13810"},"modified":"2022-01-08T09:32:49","modified_gmt":"2022-01-08T12:32:49","slug":"atletico-tala-comenzo-la-pretemporada-rumbo-al-federal","status":"publish","type":"post","link":"http:\/\/entreriosbasquet.com\/site\/2022\/01\/08\/atletico-tala-comenzo-la-pretemporada-rumbo-al-federal\/","title":{"rendered":"Atl\u00e9tico Tala comenz\u00f3 la pretemporada rumbo al Federal"},"content":{"rendered":"<p style=\"text-align: justify;\">El Club Atl\u00e9tico Rosario del Tala formar\u00e1 parte de la pr\u00f3xima temporada del Torneo Federal de B\u00e1squet. En la presente campa\u00f1a el entrenador ser\u00e1 Luis Mar\u00eda Vel\u00e1zquez, qui\u00e9n tendr\u00e1 su primera experiencia al frente del banquillo de los \u201cDiablos Azules\u201d.<\/p>\n<p style=\"text-align: justify;\">El plantel comenz\u00f3 con las pr\u00e1cticas en el estadio Gregorio Panizza a poco m\u00e1s de 20 d\u00edas del inicio de la tercera categor\u00eda nacional. En la previa del entrenamiento el entrenador habl\u00f3 con el Departamento de Prensa de la instituci\u00f3n y dej\u00f3 sus sensaciones de lo que viene y las expectativas desde lo colectivo.<\/p>\n<p style=\"text-align: justify;\">\u201cEn lo personal es un desaf\u00edo important\u00edsimo, de mucha responsabilidad, y tomarlo con las mejores ganas. Esperamos con mi grupo de trabajo estar a la altura y dar el m\u00e1ximo por el equipo esta temporada que debemos afrontar\u201d, expres\u00f3.<\/p>\n<p style=\"text-align: justify;\">Sobre la conformaci\u00f3n del plantel, el flamante DT dijo que \u201cestoy muy conforme con el equipo. En lo personal sab\u00eda del presupuesto que voy a manejar el club y despu\u00e9s de eso empezamos a trabajar para concretar varias contrataciones de los jugadores que quer\u00edamos\u201d.<\/p>\n<p style=\"text-align: justify;\">\u201cEspero encontrarme con un grupo humano muy bueno, soy muy apegado a eso y creo que es importante para mantener el esp\u00edritu de equipo bien arriba, con valores porque todo lo que logremos formado adentro del equipo es muy importante\u201d, a\u00f1adi\u00f3.<\/p>\n<p style=\"text-align: justify;\">Respecto de su idea la idea de juego para la temporada, Vel\u00e1zquez asever\u00f3: \u201cA m\u00ed me gusta el dinamismo, tener un b\u00e1squet de mucha intensidad y ojal\u00e1 que lo podamos lograr. Trataremos de ir por ese camino, espero que lo podamos afianzar y generar que el equipo tenga una identidad en la parte defensiva m\u00e1s que nada, y despu\u00e9s plasmarlo en lo ofensivo. La identidad se logra con h\u00e1bitos entonces nosotros vamos a entrar duros para mantener la intensidad a lo largo de temporada\u201d.<\/p>\n<p style=\"text-align: justify;\">\n<p style=\"text-align: justify;\"><strong><span style=\"color: #ff0000;\">EL PLANTEL:<\/span><\/strong><\/p>\n<p style=\"text-align: justify;\">Luciano Copello (Base &#8211; 28 a\u00f1os y 1,87 mts. de altura)<\/p>\n<p style=\"text-align: justify;\">Jonathan Torph (Ala-P\u00edvot &#8211; 30 a\u00f1os y 1.96 m.)<\/p>\n<p style=\"text-align: justify;\">Marcos Jovanovich (P\u00edvot &#8211; 38 a\u00f1os y 2.05 m.)<\/p>\n<p style=\"text-align: justify;\">Mat\u00edas Hauscarriague (Escolta &#8211; 36 a\u00f1os y 1,86 m.)<\/p>\n<p style=\"text-align: justify;\">Agust\u00edn Vergara (Alero &#8211; 20 a\u00f1os y 1,97 m.)<\/p>\n<p style=\"text-align: justify;\">Nahuel Nicol\u00e1s Echeverr\u00eda (Escolta &#8211; 20 a\u00f1os)<\/p>\n<p style=\"text-align: justify;\">Jos\u00e9 Allub (Ficha U19)<\/p>\n<p style=\"text-align: justify;\">Joaqu\u00edn Salinas (Ficha U19)<\/p>\n<p style=\"text-align: justify;\"><em><strong>Juveniles:<\/strong> <\/em>Tom\u00e1s Maidana, Luca Larumbe, Santiago Barbiero, Marko Mu\u00f1oz, Ignacio Melo y Patricio Barid\u00f3n.<\/p>\n<p style=\"text-align: justify;\">\n<p style=\"text-align: justify;\"><strong><span style=\"color: #ff0000;\">CUERPO T\u00c9CNICO<\/span><\/strong><\/p>\n<p style=\"text-align: justify;\">Entrenador: Luis Mar\u00eda Vel\u00e1zquez.<\/p>\n<p>Asistente: Francisco Uriarte.<\/p>\n<p>Utilero: Pedro Palomequi.<\/p>\n<p>M\u00e9dico: Dr. Gabriel Blazina.<\/p>\n","protected":false},"excerpt":{"rendered":"<p>El Club Atl\u00e9tico Rosario del Tala formar\u00e1 parte de la pr\u00f3xima temporada del Torneo Federal de B\u00e1squet. En la presente campa\u00f1a el entrenador ser\u00e1 Luis Mar\u00eda Vel\u00e1zquez, qui\u00e9n tendr\u00e1 su primera experiencia al frente del banquillo de los \u201cDiablos Azules\u201d. El plantel comenz\u00f3 con las pr\u00e1cticas en el estadio Gregorio Panizza a poco m\u00e1s de [&hellip;]<\/p>\n","protected":false},"author":1,"featured_media":13811,"comment_status":"closed","ping_status":"open","sticky":false,"template":"","format":"standard","meta":[],"categories":[16],"tags":[169,29],"_links":{"self":[{"href":"http:\/\/entreriosbasquet.com\/site\/wp-json\/wp\/v2\/posts\/13810"}],"collection":[{"href":"http:\/\/entreriosbasquet.com\/site\/wp-json\/wp\/v2\/posts"}],"about":[{"href":"http:\/\/entreriosbasquet.com\/site\/wp-json\/wp\/v2\/types\/post"}],"author":[{"embeddable":true,"href":"http:\/\/entreriosbasquet.com\/site\/wp-json\/wp\/v2\/users\/1"}],"replies":[{"embeddable":true,"href":"http:\/\/entreriosbasquet.com\/site\/wp-json\/wp\/v2\/comments?post=13810"}],"version-history":[{"count":1,"href":"http:\/\/entreriosbasquet.com\/site\/wp-json\/wp\/v2\/posts\/13810\/revisions"}],"predecessor-version":[{"id":13812,"href":"http:\/\/entreriosbasquet.com\/site\/wp-json\/wp\/v2\/posts\/13810\/revisions\/13812"}],"wp:featuredmedia":[{"embeddable":true,"href":"http:\/\/entreriosbasquet.com\/site\/wp-json\/wp\/v2\/media\/13811"}],"wp:attachment":[{"href":"http:\/\/entreriosbasquet.com\/site\/wp-json\/wp\/v2\/media?parent=13810"}],"wp:term":[{"taxonomy":"category","embeddable":true,"href":"http:\/\/entreriosbasquet.com\/site\/wp-json\/wp\/v2\/categories?post=13810"},{"taxonomy":"post_tag","embeddable":true,"href":"http:\/\/entreriosbasquet.com\/site\/wp-json\/wp\/v2\/tags?post=13810"}],"curies":[{"name":"wp","href":"https:\/\/api.w.org\/{rel}","templated":true}]}}