{"id":13802,"date":"2022-01-05T10:37:13","date_gmt":"2022-01-05T13:37:13","guid":{"rendered":"http:\/\/entreriosbasquet.com\/site\/?p=13802"},"modified":"2022-01-05T10:37:13","modified_gmt":"2022-01-05T13:37:13","slug":"vuelta-al-trabajo-para-rocamora","status":"publish","type":"post","link":"http:\/\/entreriosbasquet.com\/site\/2022\/01\/05\/vuelta-al-trabajo-para-rocamora\/","title":{"rendered":"Vuelta al trabajo para Rocamora"},"content":{"rendered":"<p style=\"text-align: justify;\">En la noche de este martes el plantel de Tom\u00e1s de Rocamora retom\u00f3 los entrenamientos con vistas al reinicio de la Liga Argentina de B\u00e1squetbol y donde el primer encuentro ser\u00e1 el venidero martes 11 frente a Estudiantes de Olavarr\u00eda, en el Paccagnella. La noticia saliente del regreso fue la ausencia del interno Horacio Rigada quien dejar\u00e1 el equipo para ir a jugar el pr\u00f3ximo Torneo Federal de la CABB.<\/p>\n<p style=\"text-align: justify;\">Pasadas las 20:30 y tras el cierre de la actividad del Campus de Verano de Leandro Palladino, los jugadores del Rojo saltaron al renovado parqu\u00e9 del Paccagnella para volver a tomar contacto con la pelota y realizar lanzamientos durante varios minutos. Momentos despu\u00e9s el entrenador Carlos P\u00e9rez los reuni\u00f3 en el centro de la cancha e inform\u00f3 a los presentes la situaci\u00f3n de los jugadores que decidieron dejar el equipo, primero se refiri\u00f3 a Mart\u00edn Flores y luego a Horacio Rigada.<\/p>\n<p style=\"text-align: justify;\">La situaci\u00f3n de este \u00faltimo es la que golpe\u00f3 un poco m\u00e1s porque se produjo pr\u00e1cticamente a un d\u00eda de retomar los entrenamientos. Los jugadores escucharon atentamente la arenga del entrenador, quien adem\u00e1s les inform\u00f3 la manera en que se iba a trabajar durante estos d\u00edas. Desde este mi\u00e9rcoles y hasta el viernes ser\u00e1 en doble turno, el s\u00e1bado habr\u00e1 descanso y se retomar\u00e1 el domingo ya para ir definiendo todo de cara al partido del martes ante Estudiantes de Olavarr\u00eda.<\/p>\n<p style=\"text-align: justify;\">Respecto de la salida de Horacio Rigada hay que decir que el jugador acept\u00f3 una oferta del club El Ceibo de San Francisco, reciente campe\u00f3n de la Liga Cordobesa de B\u00e1squetbol, equipo que jugar\u00e1 el entrante Torneo Federal de la CABB. Adem\u00e1s de la conveniencia econ\u00f3mica al interno, de 32 a\u00f1os, la oferta le sirvi\u00f3 por razones familiares. En la actual temporada promedi\u00f3 6.9 puntos, 4.8 rebotes, 1.8 asistencias y 1.6 robos 21.2 minutos. Fuera del quinteto inicial fue quien m\u00e1s minutos estuvo.<\/p>\n<p style=\"text-align: justify;\">Consultado puntualmente acerca de los motivos de esta decisi\u00f3n, respondi\u00f3: \u201cFueron muchas cosas, no voy a negar lo econ\u00f3mico pero lo principal es la distancia. Pasar de m\u00e1s de 500 km a solo 100 km de mi esposa; estoy casado y ya con m\u00e1s de 30 a\u00f1os debo ir pensando en lo familiar. Tambi\u00e9n, que es ahora en el receso y el club tiene tiempo para buscar un reemplazo para que termine lo que resta de la Liga\u201d.<\/p>\n<p style=\"text-align: justify;\">A continuaci\u00f3n el jugador hizo un balance de la presente temporada. \u201cComo equipo creo que hab\u00edamos empezado bien, despu\u00e9s en las burbujas tuvimos altibajos y salvo algunos partidos siempre fuimos competitivos. Es un grupo muy joven as\u00ed que es normal que los tuvi\u00e9ramos, pero en lo general fue bueno. Y en lo personal creo que fue buena, trat\u00e9 de hacer y dejar todo en la cancha siempre, aportar de donde pueda al equipo para que le vaya bien\u201d, coment\u00f3.<\/p>\n<p style=\"text-align: justify;\">Rigada, quien integr\u00f3 el equipo que en mayo de 2011 logr\u00f3 el ascenso al TNA, regres\u00f3 al club tras diez a\u00f1os y eso fue especial. \u201cFue como si no hubiera pasado el tiempo, la cancha, la gente, todo sigue igual; fue algo hermoso poder volver. Estoy totalmente agradecido a la dirigencia y a Juan Varas que en su momento pensaron en m\u00ed para volver; siempre es un placer vestir la camiseta del Rojo\u201d, asegur\u00f3 el jugador que volvi\u00f3 ya comenzada la temporada anterior.<\/p>\n<p style=\"text-align: justify;\">En \u00faltimo t\u00e9rmino se refiri\u00f3 a los diferentes y gratos momentos que tuvo en sus pasos por el club. \u201cMis mayores recuerdos de mis pasos en el club van a ser el ascenso, poder salir campe\u00f3n de local con nuestra gente y ahora poder jugar Liga Argentina; probarme en la categor\u00eda era una espina que ten\u00eda. Despu\u00e9s, obviamente lo humano, cada grupo formado, compartir momentos y nuevas experiencias con ellos\u201d, concluy\u00f3.<\/p>\n","protected":false},"excerpt":{"rendered":"<p>En la noche de este martes el plantel de Tom\u00e1s de Rocamora retom\u00f3 los entrenamientos con vistas al reinicio de la Liga Argentina de B\u00e1squetbol y donde el primer encuentro ser\u00e1 el venidero martes 11 frente a Estudiantes de Olavarr\u00eda, en el Paccagnella. La noticia saliente del regreso fue la ausencia del interno Horacio Rigada [&hellip;]<\/p>\n","protected":false},"author":1,"featured_media":13803,"comment_status":"closed","ping_status":"open","sticky":false,"template":"","format":"standard","meta":[],"categories":[11],"tags":[26],"_links":{"self":[{"href":"http:\/\/entreriosbasquet.com\/site\/wp-json\/wp\/v2\/posts\/13802"}],"collection":[{"href":"http:\/\/entreriosbasquet.com\/site\/wp-json\/wp\/v2\/posts"}],"about":[{"href":"http:\/\/entreriosbasquet.com\/site\/wp-json\/wp\/v2\/types\/post"}],"author":[{"embeddable":true,"href":"http:\/\/entreriosbasquet.com\/site\/wp-json\/wp\/v2\/users\/1"}],"replies":[{"embeddable":true,"href":"http:\/\/entreriosbasquet.com\/site\/wp-json\/wp\/v2\/comments?post=13802"}],"version-history":[{"count":1,"href":"http:\/\/entreriosbasquet.com\/site\/wp-json\/wp\/v2\/posts\/13802\/revisions"}],"predecessor-version":[{"id":13804,"href":"http:\/\/entreriosbasquet.com\/site\/wp-json\/wp\/v2\/posts\/13802\/revisions\/13804"}],"wp:featuredmedia":[{"embeddable":true,"href":"http:\/\/entreriosbasquet.com\/site\/wp-json\/wp\/v2\/media\/13803"}],"wp:attachment":[{"href":"http:\/\/entreriosbasquet.com\/site\/wp-json\/wp\/v2\/media?parent=13802"}],"wp:term":[{"taxonomy":"category","embeddable":true,"href":"http:\/\/entreriosbasquet.com\/site\/wp-json\/wp\/v2\/categories?post=13802"},{"taxonomy":"post_tag","embeddable":true,"href":"http:\/\/entreriosbasquet.com\/site\/wp-json\/wp\/v2\/tags?post=13802"}],"curies":[{"name":"wp","href":"https:\/\/api.w.org\/{rel}","templated":true}]}}