{"id":13708,"date":"2021-12-11T10:39:20","date_gmt":"2021-12-11T13:39:20","guid":{"rendered":"http:\/\/entreriosbasquet.com\/site\/?p=13708"},"modified":"2021-12-11T10:39:20","modified_gmt":"2021-12-11T13:39:20","slug":"se-disputa-el-entrerriano-masculino-u15-en-colon","status":"publish","type":"post","link":"http:\/\/entreriosbasquet.com\/site\/2021\/12\/11\/se-disputa-el-entrerriano-masculino-u15-en-colon\/","title":{"rendered":"Se disputa el Entrerriano Masculino U15 en Col\u00f3n"},"content":{"rendered":"<p style=\"text-align: justify;\">Este s\u00e1bado se pone en marcha la edici\u00f3n 2021 del Campeonato Entrerriano Masculino de Selecciones U15 en la localidad de Col\u00f3n, con la participaci\u00f3n de seis representativos asociativos. El certamen es organizado por la Asociaci\u00f3n Colonense y fiscalizado por la Federaci\u00f3n de B\u00e1squet de Entre R\u00edos.<\/p>\n<p style=\"text-align: justify;\">El formato de competencia tendr\u00e1 en su Primera Fase dos grupos de tres equipos que se medir\u00e1n todos contra todos, clasific\u00e1ndose los dos mejores a las semifinales. El domingo por la ma\u00f1ana se jugar\u00e1n los encuentros de \u201csemis\u201d, mientras que por la tarde ser\u00e1 momento del partido por el Tercer Puesto y la Final.<\/p>\n<p style=\"text-align: justify;\">Los estadios \u201cGregorio Pocho Nieto\u201d de La Armon\u00eda y \u201cCarlos Delasoie\u201d de La Uni\u00f3n ser\u00e1n los dos escenarios de juego.<\/p>\n<p style=\"text-align: justify;\">El actual bicampe\u00f3n es el Seleccionado de la Asociaci\u00f3n Paranaense, que se coron\u00f3 en la edici\u00f3n 2019 desarrollada en la ciudad de Santa Elena y en 2018 en Concordia. Anteriormente la corona hab\u00eda sido para Gualeguaych\u00fa, campe\u00f3n en 2017 jugando en condici\u00f3n de local.<\/p>\n<p><img decoding=\"async\" loading=\"lazy\" class=\"alignnone size-full wp-image-13709\" src=\"http:\/\/entreriosbasquet.com\/site\/wp-content\/uploads\/2021\/12\/266449424_4673143619399014_6264664611184028681_n.jpg\" alt=\"\" width=\"2048\" height=\"3608\" srcset=\"http:\/\/entreriosbasquet.com\/site\/wp-content\/uploads\/2021\/12\/266449424_4673143619399014_6264664611184028681_n.jpg 2048w, http:\/\/entreriosbasquet.com\/site\/wp-content\/uploads\/2021\/12\/266449424_4673143619399014_6264664611184028681_n-170x300.jpg 170w, http:\/\/entreriosbasquet.com\/site\/wp-content\/uploads\/2021\/12\/266449424_4673143619399014_6264664611184028681_n-768x1353.jpg 768w, http:\/\/entreriosbasquet.com\/site\/wp-content\/uploads\/2021\/12\/266449424_4673143619399014_6264664611184028681_n-581x1024.jpg 581w, http:\/\/entreriosbasquet.com\/site\/wp-content\/uploads\/2021\/12\/266449424_4673143619399014_6264664611184028681_n-696x1226.jpg 696w, http:\/\/entreriosbasquet.com\/site\/wp-content\/uploads\/2021\/12\/266449424_4673143619399014_6264664611184028681_n-1068x1882.jpg 1068w, http:\/\/entreriosbasquet.com\/site\/wp-content\/uploads\/2021\/12\/266449424_4673143619399014_6264664611184028681_n-238x420.jpg 238w\" sizes=\"(max-width: 2048px) 100vw, 2048px\" \/><\/p>\n","protected":false},"excerpt":{"rendered":"<p>Este s\u00e1bado se pone en marcha la edici\u00f3n 2021 del Campeonato Entrerriano Masculino de Selecciones U15 en la localidad de Col\u00f3n, con la participaci\u00f3n de seis representativos asociativos. El certamen es organizado por la Asociaci\u00f3n Colonense y fiscalizado por la Federaci\u00f3n de B\u00e1squet de Entre R\u00edos. El formato de competencia tendr\u00e1 en su Primera Fase [&hellip;]<\/p>\n","protected":false},"author":1,"featured_media":13710,"comment_status":"closed","ping_status":"open","sticky":false,"template":"","format":"standard","meta":[],"categories":[19],"tags":[],"_links":{"self":[{"href":"http:\/\/entreriosbasquet.com\/site\/wp-json\/wp\/v2\/posts\/13708"}],"collection":[{"href":"http:\/\/entreriosbasquet.com\/site\/wp-json\/wp\/v2\/posts"}],"about":[{"href":"http:\/\/entreriosbasquet.com\/site\/wp-json\/wp\/v2\/types\/post"}],"author":[{"embeddable":true,"href":"http:\/\/entreriosbasquet.com\/site\/wp-json\/wp\/v2\/users\/1"}],"replies":[{"embeddable":true,"href":"http:\/\/entreriosbasquet.com\/site\/wp-json\/wp\/v2\/comments?post=13708"}],"version-history":[{"count":1,"href":"http:\/\/entreriosbasquet.com\/site\/wp-json\/wp\/v2\/posts\/13708\/revisions"}],"predecessor-version":[{"id":13711,"href":"http:\/\/entreriosbasquet.com\/site\/wp-json\/wp\/v2\/posts\/13708\/revisions\/13711"}],"wp:featuredmedia":[{"embeddable":true,"href":"http:\/\/entreriosbasquet.com\/site\/wp-json\/wp\/v2\/media\/13710"}],"wp:attachment":[{"href":"http:\/\/entreriosbasquet.com\/site\/wp-json\/wp\/v2\/media?parent=13708"}],"wp:term":[{"taxonomy":"category","embeddable":true,"href":"http:\/\/entreriosbasquet.com\/site\/wp-json\/wp\/v2\/categories?post=13708"},{"taxonomy":"post_tag","embeddable":true,"href":"http:\/\/entreriosbasquet.com\/site\/wp-json\/wp\/v2\/tags?post=13708"}],"curies":[{"name":"wp","href":"https:\/\/api.w.org\/{rel}","templated":true}]}}