{"id":13686,"date":"2021-12-06T15:21:05","date_gmt":"2021-12-06T18:21:05","guid":{"rendered":"http:\/\/entreriosbasquet.com\/site\/?p=13686"},"modified":"2021-12-07T09:31:22","modified_gmt":"2021-12-07T12:31:22","slug":"se-postergo-la-final-de-la-apb-por-casos-de-covid","status":"publish","type":"post","link":"http:\/\/entreriosbasquet.com\/site\/2021\/12\/06\/se-postergo-la-final-de-la-apb-por-casos-de-covid\/","title":{"rendered":"Se posterg\u00f3 la final de la APB por casos de COVID"},"content":{"rendered":"<p style=\"text-align: justify;\">Este lunes, en reuni\u00f3n de Consejo Directivo, se hicieron presentes autoridades de los clubes finalistas en la categor\u00eda Primera Divisi\u00f3n. Por el lado de Ciclista estuvo su presidente Pablo Bogado y, por el otro, acudi\u00f3 Alejandro Bellummia, vicepresidente de Olimpia, ambos con sus respectivos delegados.<\/p>\n<p style=\"text-align: justify;\">La finalidad fue presentar la documentaci\u00f3n oficial sobre dos casos positivos de un equipo y un contacto estrecho en otro. Ante esto, se determin\u00f3 correr el segundo punto de la serie Final entre CCP y CAO al 15 de diciembre y, de ser necesario, el tercer partido el lunes 20 del corriente mes. Ambos a las 21:30 horas.<\/p>\n<p style=\"text-align: justify;\">Por lo tanto, este martes 7\/12 no habr\u00e1 definici\u00f3n. La Asociaci\u00f3n Paranense de B\u00e1squet estar\u00e1 pendiente de la evoluci\u00f3n de los jugadores y de que los casos no incrementen en ambos planteles.<\/p>\n<p style=\"text-align: justify;\">\n<p style=\"text-align: justify;\"><strong>FECHAS DE JUEGO<\/strong><\/p>\n<p style=\"text-align: justify;\"><em><strong>Mi\u00e9rcoles 1\/12<\/strong><\/em><\/p>\n<p style=\"text-align: justify;\">Ciclista 82 vs. 77 Olimpia (1-0)<\/p>\n<p style=\"text-align: justify;\"><em><strong>Mi\u00e9rcoles 15\/12<\/strong><\/em><\/p>\n<p style=\"text-align: justify;\">Olimpia vs. Ciclista (21:30)<\/p>\n<p style=\"text-align: justify;\"><em><strong>Lunes 20\/12<\/strong><\/em><\/p>\n<p style=\"text-align: justify;\">Ciclista vs. Olimpia (21:30) (De ser necesario)<\/p>\n","protected":false},"excerpt":{"rendered":"<p>Este lunes, en reuni\u00f3n de Consejo Directivo, se hicieron presentes autoridades de los clubes finalistas en la categor\u00eda Primera Divisi\u00f3n. Por el lado de Ciclista estuvo su presidente Pablo Bogado y, por el otro, acudi\u00f3 Alejandro Bellummia, vicepresidente de Olimpia, ambos con sus respectivos delegados. La finalidad fue presentar la documentaci\u00f3n oficial sobre dos casos [&hellip;]<\/p>\n","protected":false},"author":1,"featured_media":13687,"comment_status":"closed","ping_status":"open","sticky":false,"template":"","format":"standard","meta":[],"categories":[20],"tags":[],"_links":{"self":[{"href":"http:\/\/entreriosbasquet.com\/site\/wp-json\/wp\/v2\/posts\/13686"}],"collection":[{"href":"http:\/\/entreriosbasquet.com\/site\/wp-json\/wp\/v2\/posts"}],"about":[{"href":"http:\/\/entreriosbasquet.com\/site\/wp-json\/wp\/v2\/types\/post"}],"author":[{"embeddable":true,"href":"http:\/\/entreriosbasquet.com\/site\/wp-json\/wp\/v2\/users\/1"}],"replies":[{"embeddable":true,"href":"http:\/\/entreriosbasquet.com\/site\/wp-json\/wp\/v2\/comments?post=13686"}],"version-history":[{"count":1,"href":"http:\/\/entreriosbasquet.com\/site\/wp-json\/wp\/v2\/posts\/13686\/revisions"}],"predecessor-version":[{"id":13688,"href":"http:\/\/entreriosbasquet.com\/site\/wp-json\/wp\/v2\/posts\/13686\/revisions\/13688"}],"wp:featuredmedia":[{"embeddable":true,"href":"http:\/\/entreriosbasquet.com\/site\/wp-json\/wp\/v2\/media\/13687"}],"wp:attachment":[{"href":"http:\/\/entreriosbasquet.com\/site\/wp-json\/wp\/v2\/media?parent=13686"}],"wp:term":[{"taxonomy":"category","embeddable":true,"href":"http:\/\/entreriosbasquet.com\/site\/wp-json\/wp\/v2\/categories?post=13686"},{"taxonomy":"post_tag","embeddable":true,"href":"http:\/\/entreriosbasquet.com\/site\/wp-json\/wp\/v2\/tags?post=13686"}],"curies":[{"name":"wp","href":"https:\/\/api.w.org\/{rel}","templated":true}]}}