{"id":13292,"date":"2021-09-21T22:33:21","date_gmt":"2021-09-22T01:33:21","guid":{"rendered":"http:\/\/entreriosbasquet.com\/site\/?p=13292"},"modified":"2021-09-21T22:33:21","modified_gmt":"2021-09-22T01:33:21","slug":"fber-cab-una-reunion-para-acomodar-los-tantos","status":"publish","type":"post","link":"http:\/\/entreriosbasquet.com\/site\/2021\/09\/21\/fber-cab-una-reunion-para-acomodar-los-tantos\/","title":{"rendered":"FBER &#8211; CAB, una reuni\u00f3n para acomodar los tantos"},"content":{"rendered":"<p style=\"text-align: justify;\">El presidente de la Federaci\u00f3n de B\u00e1squet de Entre R\u00edos (FBER), Julio Gim\u00e9nez, mantuvo un encuentro con su par de la Confederaci\u00f3n Argentina de B\u00e1squetbol (CAB), Fabi\u00e1n Borro, con el objetivo de tratar tem\u00e1ticas relacionadas con el \u00e1mbito federativo y fortalecer el trabajo conjunto con la entidad madre del b\u00e1squet nacional.<\/p>\n<p style=\"text-align: justify;\">En el c\u00f3nclave realizado en Capital Federal, tambi\u00e9n estuvieron presentes el abogado Andr\u00e9s Gil Dom\u00ednguez, asesor letrado de la CAB; Ricardo Oyarce, director de torneos de la CAB, y Santiago Losada, vocal titular de FBER y prosecretario en la ADC.<\/p>\n<p style=\"text-align: justify;\">Durante el encuentro Gim\u00e9nez present\u00f3 el nuevo organigrama de trabajo de la FBER que forma parte de la modernizaci\u00f3n de la estructura en la b\u00fasqueda de optimizar el funcionamiento de las diversas \u00e1reas, que adem\u00e1s incorpora departamentos y sectores con el objetivo de cumplir con los requerimientos a nivel nacional.<\/p>\n<p style=\"text-align: justify;\">Por otra parte, desde CAB se valor\u00f3 el trabajo de la FBER en cuanto al cumplimiento de las actividades previstas en el cronograma 2021 y el hecho de llevar adelante los cert\u00e1menes federativos de clubes y los Campeonatos de Selecciones Departamentales, en las distintas categor\u00edas y en ambas ramas.<\/p>\n<p style=\"text-align: justify;\">Adem\u00e1s se aunaron criterios relacionados con la planificaci\u00f3n del calendario de competencias del pr\u00f3ximo a\u00f1o, con la optimizaci\u00f3n de recursos del b\u00e1squetbol en el suelo entrerriano y la organizaci\u00f3n con diferentes \u00e1reas como Minib\u00e1squet, B\u00e1squet Adaptado, B\u00e1squet Escolar, ENEBA, etc.<\/p>\n<p style=\"text-align: justify;\">Por \u00faltimo, desde la FBER se dio a conocer que se encuentra trabajando, a trav\u00e9s del Departamento de G\u00e9nero, en un protocolo de prevenci\u00f3n e intervenci\u00f3n en violencia de g\u00e9nero con el objetivo de contar con herramienta institucional que establece principios, pautas y mecanismos de acci\u00f3n ante situaciones de violencia y discriminaci\u00f3n por motivos de g\u00e9nero u orientaci\u00f3n sexual.<\/p>\n","protected":false},"excerpt":{"rendered":"<p>El presidente de la Federaci\u00f3n de B\u00e1squet de Entre R\u00edos (FBER), Julio Gim\u00e9nez, mantuvo un encuentro con su par de la Confederaci\u00f3n Argentina de B\u00e1squetbol (CAB), Fabi\u00e1n Borro, con el objetivo de tratar tem\u00e1ticas relacionadas con el \u00e1mbito federativo y fortalecer el trabajo conjunto con la entidad madre del b\u00e1squet nacional. En el c\u00f3nclave realizado [&hellip;]<\/p>\n","protected":false},"author":1,"featured_media":13293,"comment_status":"closed","ping_status":"open","sticky":false,"template":"","format":"standard","meta":[],"categories":[20],"tags":[],"_links":{"self":[{"href":"http:\/\/entreriosbasquet.com\/site\/wp-json\/wp\/v2\/posts\/13292"}],"collection":[{"href":"http:\/\/entreriosbasquet.com\/site\/wp-json\/wp\/v2\/posts"}],"about":[{"href":"http:\/\/entreriosbasquet.com\/site\/wp-json\/wp\/v2\/types\/post"}],"author":[{"embeddable":true,"href":"http:\/\/entreriosbasquet.com\/site\/wp-json\/wp\/v2\/users\/1"}],"replies":[{"embeddable":true,"href":"http:\/\/entreriosbasquet.com\/site\/wp-json\/wp\/v2\/comments?post=13292"}],"version-history":[{"count":1,"href":"http:\/\/entreriosbasquet.com\/site\/wp-json\/wp\/v2\/posts\/13292\/revisions"}],"predecessor-version":[{"id":13294,"href":"http:\/\/entreriosbasquet.com\/site\/wp-json\/wp\/v2\/posts\/13292\/revisions\/13294"}],"wp:featuredmedia":[{"embeddable":true,"href":"http:\/\/entreriosbasquet.com\/site\/wp-json\/wp\/v2\/media\/13293"}],"wp:attachment":[{"href":"http:\/\/entreriosbasquet.com\/site\/wp-json\/wp\/v2\/media?parent=13292"}],"wp:term":[{"taxonomy":"category","embeddable":true,"href":"http:\/\/entreriosbasquet.com\/site\/wp-json\/wp\/v2\/categories?post=13292"},{"taxonomy":"post_tag","embeddable":true,"href":"http:\/\/entreriosbasquet.com\/site\/wp-json\/wp\/v2\/tags?post=13292"}],"curies":[{"name":"wp","href":"https:\/\/api.w.org\/{rel}","templated":true}]}}