{"id":13122,"date":"2021-08-18T14:27:48","date_gmt":"2021-08-18T17:27:48","guid":{"rendered":"http:\/\/entreriosbasquet.com\/site\/?p=13122"},"modified":"2021-08-18T16:51:55","modified_gmt":"2021-08-18T19:51:55","slug":"ayan-nun%cc%83ez-carvalho-jugara-la-liga-nacional-en-gimnasia-c","status":"publish","type":"post","link":"http:\/\/entreriosbasquet.com\/site\/2021\/08\/18\/ayan-nun%cc%83ez-carvalho-jugara-la-liga-nacional-en-gimnasia-c\/","title":{"rendered":"Ayan N\u00fan\u0303ez Carvalho jugar\u00e1 la Liga Nacional en Gimnasia (C)"},"content":{"rendered":"<div class=\"o9v6fnle cxmmr5t8 oygrvhab hcukyx3x c1et5uql ii04i59q\">\n<div dir=\"auto\" style=\"text-align: justify;\">El escolta de 23 an\u0303os, <strong>Ayan N\u00fan\u0303ez Carvalho<\/strong>, se sumara\u0301 al plantel profesional de Gimnasia y Esgrima por las pro\u0301ximas dos temporadas de la Liga Nacional de Ba\u0301squetbol. Adem\u00e1s, se lleg\u00f3 a un acuerdo con Deportivo Viedma, donde disput\u00f3 las \u00faltimas ediciones de la Liga Argentina, por los derechos de formaci\u00f3n del basquetbolista.<\/div>\n<div dir=\"auto\" style=\"text-align: justify;\"><\/div>\n<div dir=\"auto\" style=\"text-align: justify;\"><\/div>\n<\/div>\n<div class=\"o9v6fnle cxmmr5t8 oygrvhab hcukyx3x c1et5uql ii04i59q\" style=\"text-align: justify;\">\n<div dir=\"auto\">El jugador, oriundo de Brasil pero con nacionalidad argentina, naci\u00f3 el 5 de septiembre de 1997. Tiene 1,96 de estatura y llega proveniente de Deportivo Viedma, donde disputo\u0301 las u\u0301ltimas tres temporadas en La Liga Argentina.<\/div>\n<div dir=\"auto\"><\/div>\n<div dir=\"auto\"><\/div>\n<div dir=\"auto\">En la edicio\u0301n 2020\/2021 del certamen de la segunda divisio\u0301n de nuestro pai\u0301s afronto\u0301 27 partidos, donde promedio\u0301 16.2 puntos (74.4% en libres, 51.8% en dobles y 41.6% en triples), 4.0 rebotes, 1.9 asistencias y 1.0 recuperos en 25:39 minutos de juego.<\/div>\n<div dir=\"auto\"><\/div>\n<div dir=\"auto\"><\/div>\n<div dir=\"auto\">Se formo\u0301 profesionalmente en Echagu\u0308e de Parana\u0301, ciudad donde arrib\u00f3 con su familia a los 6 a\u00f1os y desarroll\u00f3 su infancia. Disput\u00f3 el Ba\u0301squetbol sin Fronteras organizado por la NBA e integro\u0301 la Seleccio\u0301n argentina que jugo\u0301 el torneo Sudamericano U21 en Salta del 2018.<\/div>\n<\/div>\n<div class=\"o9v6fnle cxmmr5t8 oygrvhab hcukyx3x c1et5uql ii04i59q\" style=\"text-align: justify;\">\n<div dir=\"auto\"><\/div>\n<div dir=\"auto\"><\/div>\n<div dir=\"auto\">Previamente, fue parte del equipo de Bahi\u0301a Basket que obtuvo la Liga de Desarrollo en 2015 y tambie\u0301n llego\u0301 a competir en los Owls de la Universidad de Temple, Estados Unidos.<\/div>\n<\/div>\n<div class=\"o9v6fnle cxmmr5t8 oygrvhab hcukyx3x c1et5uql ii04i59q\" style=\"text-align: justify;\">\n<div dir=\"auto\"><\/div>\n<div dir=\"auto\"><\/div>\n<div dir=\"auto\">Ahora tendra\u0301 una nueva experiencia en el \u201cVerde\u201d, que inicio\u0301 su pretemporada esta semana en el Socios Fundadores bajo las \u00f3rdenes de Mart\u00edn Villagr\u00e1n, de cara al arranque de la temporada 2021\/2022 de la Liga Nacional.<\/div>\n<\/div>\n<div class=\"o9v6fnle cxmmr5t8 oygrvhab hcukyx3x c1et5uql ii04i59q\">\n<div dir=\"auto\" style=\"text-align: justify;\"><\/div>\n<div dir=\"auto\" style=\"text-align: justify;\"><\/div>\n<div dir=\"auto\" style=\"text-align: justify;\">Por la buena relaci\u00f3n entre ambos clubes, Gimnasia y Deportivo Viedma llegaron a un acuerdo por los derechos de formaci\u00f3n del basquetbolista. N\u00fa\u00f1ez Carvalho llegar\u00e1 a Comodoro el pr\u00f3ximo viernes en horas de la noche.<\/div>\n<\/div>\n","protected":false},"excerpt":{"rendered":"<p>El escolta de 23 an\u0303os, Ayan N\u00fan\u0303ez Carvalho, se sumara\u0301 al plantel profesional de Gimnasia y Esgrima por las pro\u0301ximas dos temporadas de la Liga Nacional de Ba\u0301squetbol. Adem\u00e1s, se lleg\u00f3 a un acuerdo con Deportivo Viedma, donde disput\u00f3 las \u00faltimas ediciones de la Liga Argentina, por los derechos de formaci\u00f3n del basquetbolista. El jugador, [&hellip;]<\/p>\n","protected":false},"author":1,"featured_media":13123,"comment_status":"closed","ping_status":"open","sticky":false,"template":"","format":"standard","meta":[],"categories":[12],"tags":[245],"_links":{"self":[{"href":"http:\/\/entreriosbasquet.com\/site\/wp-json\/wp\/v2\/posts\/13122"}],"collection":[{"href":"http:\/\/entreriosbasquet.com\/site\/wp-json\/wp\/v2\/posts"}],"about":[{"href":"http:\/\/entreriosbasquet.com\/site\/wp-json\/wp\/v2\/types\/post"}],"author":[{"embeddable":true,"href":"http:\/\/entreriosbasquet.com\/site\/wp-json\/wp\/v2\/users\/1"}],"replies":[{"embeddable":true,"href":"http:\/\/entreriosbasquet.com\/site\/wp-json\/wp\/v2\/comments?post=13122"}],"version-history":[{"count":2,"href":"http:\/\/entreriosbasquet.com\/site\/wp-json\/wp\/v2\/posts\/13122\/revisions"}],"predecessor-version":[{"id":13125,"href":"http:\/\/entreriosbasquet.com\/site\/wp-json\/wp\/v2\/posts\/13122\/revisions\/13125"}],"wp:featuredmedia":[{"embeddable":true,"href":"http:\/\/entreriosbasquet.com\/site\/wp-json\/wp\/v2\/media\/13123"}],"wp:attachment":[{"href":"http:\/\/entreriosbasquet.com\/site\/wp-json\/wp\/v2\/media?parent=13122"}],"wp:term":[{"taxonomy":"category","embeddable":true,"href":"http:\/\/entreriosbasquet.com\/site\/wp-json\/wp\/v2\/categories?post=13122"},{"taxonomy":"post_tag","embeddable":true,"href":"http:\/\/entreriosbasquet.com\/site\/wp-json\/wp\/v2\/tags?post=13122"}],"curies":[{"name":"wp","href":"https:\/\/api.w.org\/{rel}","templated":true}]}}