{"id":13114,"date":"2021-08-16T17:06:21","date_gmt":"2021-08-16T20:06:21","guid":{"rendered":"http:\/\/entreriosbasquet.com\/site\/?p=13114"},"modified":"2021-08-16T17:06:21","modified_gmt":"2021-08-16T20:06:21","slug":"aldana-pineiro-jugara-en-el-basquet-uruguayo","status":"publish","type":"post","link":"http:\/\/entreriosbasquet.com\/site\/2021\/08\/16\/aldana-pineiro-jugara-en-el-basquet-uruguayo\/","title":{"rendered":"Aldana Pi\u00f1eiro jugar\u00e1 en el b\u00e1squet uruguayo"},"content":{"rendered":"<p style=\"text-align: justify;\">La entrerriana Aldana Pi\u00f1eiro se sumar\u00e1 al Montevideo BBC de la Liga Femenina de la Rep\u00fablica Oriental del Uruguay. La base de 23 a\u00f1os y 1.65m de altura llega proveniente de Talleres de Paran\u00e1 (viene de jugar el Torneo Federal) y ser\u00e1 su primera experiencia en el extranjero.<\/p>\n<p style=\"text-align: justify;\">Pi\u00f1eiro se incorpora a la instituci\u00f3n que la pasada temporada tuvo en sus filas a la crespense Sof\u00eda Wolf.<\/p>\n<p style=\"text-align: justify;\">La oriunda de Villa Elisa charl\u00f3 con www.alerasuy.com y asever\u00f3 que su llegada \u201cse dio primeramente por la menci\u00f3n de una amiga que me recomend\u00f3 que ya hab\u00eda ido al club (Sof\u00eda Wolf) en la temporada pasada, y segundo mi agencia Paxon que estuvo tambi\u00e9n en los detalles que hicieron que se concrete mi llegada a Uruguay. As\u00ed que muy contenta con el entorno que me rodea ya que tengo personitas de bien hasta para estas cosas\u201d.<\/p>\n<p style=\"text-align: justify;\">Respecto desde sus objetivos, la armadora del Seleccionado de Entre R\u00edos indic\u00f3: \u201cProyecto sumar desde el cualquier punto a la mejora del equipo desde dentro de cancha como fuera, estoy en las \u00faltimas materias de mi carrera de Profesorado de Educaci\u00f3n F\u00edsica as\u00ed que por ah\u00ed tambi\u00e9n puedo sumar. Siempre la mejora individual en otros aspectos tambi\u00e9n va a estar, as\u00ed que creo que va ser un aprendizaje rec\u00edproco que va a llevar a ser una experiencia muy rica en varios aspectos para el equipo como para m\u00ed tambi\u00e9n\u201d.<\/p>\n","protected":false},"excerpt":{"rendered":"<p>La entrerriana Aldana Pi\u00f1eiro se sumar\u00e1 al Montevideo BBC de la Liga Femenina de la Rep\u00fablica Oriental del Uruguay. La base de 23 a\u00f1os y 1.65m de altura llega proveniente de Talleres de Paran\u00e1 (viene de jugar el Torneo Federal) y ser\u00e1 su primera experiencia en el extranjero. Pi\u00f1eiro se incorpora a la instituci\u00f3n que [&hellip;]<\/p>\n","protected":false},"author":1,"featured_media":13115,"comment_status":"closed","ping_status":"open","sticky":false,"template":"","format":"standard","meta":[],"categories":[21],"tags":[],"_links":{"self":[{"href":"http:\/\/entreriosbasquet.com\/site\/wp-json\/wp\/v2\/posts\/13114"}],"collection":[{"href":"http:\/\/entreriosbasquet.com\/site\/wp-json\/wp\/v2\/posts"}],"about":[{"href":"http:\/\/entreriosbasquet.com\/site\/wp-json\/wp\/v2\/types\/post"}],"author":[{"embeddable":true,"href":"http:\/\/entreriosbasquet.com\/site\/wp-json\/wp\/v2\/users\/1"}],"replies":[{"embeddable":true,"href":"http:\/\/entreriosbasquet.com\/site\/wp-json\/wp\/v2\/comments?post=13114"}],"version-history":[{"count":1,"href":"http:\/\/entreriosbasquet.com\/site\/wp-json\/wp\/v2\/posts\/13114\/revisions"}],"predecessor-version":[{"id":13116,"href":"http:\/\/entreriosbasquet.com\/site\/wp-json\/wp\/v2\/posts\/13114\/revisions\/13116"}],"wp:featuredmedia":[{"embeddable":true,"href":"http:\/\/entreriosbasquet.com\/site\/wp-json\/wp\/v2\/media\/13115"}],"wp:attachment":[{"href":"http:\/\/entreriosbasquet.com\/site\/wp-json\/wp\/v2\/media?parent=13114"}],"wp:term":[{"taxonomy":"category","embeddable":true,"href":"http:\/\/entreriosbasquet.com\/site\/wp-json\/wp\/v2\/categories?post=13114"},{"taxonomy":"post_tag","embeddable":true,"href":"http:\/\/entreriosbasquet.com\/site\/wp-json\/wp\/v2\/tags?post=13114"}],"curies":[{"name":"wp","href":"https:\/\/api.w.org\/{rel}","templated":true}]}}