{"id":12892,"date":"2021-07-06T17:34:54","date_gmt":"2021-07-06T20:34:54","guid":{"rendered":"http:\/\/entreriosbasquet.com\/site\/?p=12892"},"modified":"2021-07-06T17:34:54","modified_gmt":"2021-07-06T20:34:54","slug":"carlos-cali-perez-sera-el-entrenador-de-rocamora","status":"publish","type":"post","link":"http:\/\/entreriosbasquet.com\/site\/2021\/07\/06\/carlos-cali-perez-sera-el-entrenador-de-rocamora\/","title":{"rendered":"Carlos \u201cCali\u201d P\u00e9rez ser\u00e1 el entrenador de Rocamora"},"content":{"rendered":"<p style=\"text-align: justify;\">M\u00e1s all\u00e1 de no haber finalizado la corriente temporada de la Liga Argentina para el Tom\u00e1s de Rocamora, la dirigencia ya est\u00e1 pensando en lo que viene y se encuentra pronta a informar que <strong>Carlos \u201cCali\u201d P\u00e9rez<\/strong> ser\u00e1 el entrenador en jefe del equipo de Primera Divisi\u00f3n para la venidera campa\u00f1a del certamen nacional.<\/p>\n<p style=\"text-align: justify;\">M\u00e1s all\u00e1 de que todav\u00eda resta la confirmaci\u00f3n oficial por parte de la instituci\u00f3n, la noticia fue puesta en conocimiento en las \u00faltimas horas por diversos medios period\u00edsticos de la localidad de la costa del Uruguay.<\/p>\n<p style=\"text-align: justify;\">De esta forma, despu\u00e9s de su paso por Atl\u00e9tico Saladas en el Torneo Federal 2018\/2019 del Torneo Federal, P\u00e9rez volver\u00e1 al ruedo. Cabe recordar que \u201cCali\u201d estuvo dos temporadas al frente de Central Entrerriano de Gualeguaych\u00fa, fue varios a\u00f1os t\u00e9cnico en las divisiones formativas de Rocamora, donde tambi\u00e9n fue asistente de Mart\u00edn Amden en el equipo de la \u201cHist\u00f3rica\u201d que jug\u00f3 la Liga B y logr\u00f3 el ascenso al TNA.<\/p>\n<p style=\"text-align: justify;\">P\u00e9rez, nacido el 19 de junio de 1971 (49 a\u00f1os), reemplazar\u00e1 en el cargo a Juan Manuel Varas, quien estar\u00e1 al frente del banquillo de Argentino de Jun\u00edn en la pr\u00f3xima temporada de la Liga Nacional.<\/p>\n","protected":false},"excerpt":{"rendered":"<p>M\u00e1s all\u00e1 de no haber finalizado la corriente temporada de la Liga Argentina para el Tom\u00e1s de Rocamora, la dirigencia ya est\u00e1 pensando en lo que viene y se encuentra pronta a informar que Carlos \u201cCali\u201d P\u00e9rez ser\u00e1 el entrenador en jefe del equipo de Primera Divisi\u00f3n para la venidera campa\u00f1a del certamen nacional. M\u00e1s [&hellip;]<\/p>\n","protected":false},"author":1,"featured_media":12893,"comment_status":"closed","ping_status":"open","sticky":false,"template":"","format":"standard","meta":[],"categories":[11],"tags":[197,26],"_links":{"self":[{"href":"http:\/\/entreriosbasquet.com\/site\/wp-json\/wp\/v2\/posts\/12892"}],"collection":[{"href":"http:\/\/entreriosbasquet.com\/site\/wp-json\/wp\/v2\/posts"}],"about":[{"href":"http:\/\/entreriosbasquet.com\/site\/wp-json\/wp\/v2\/types\/post"}],"author":[{"embeddable":true,"href":"http:\/\/entreriosbasquet.com\/site\/wp-json\/wp\/v2\/users\/1"}],"replies":[{"embeddable":true,"href":"http:\/\/entreriosbasquet.com\/site\/wp-json\/wp\/v2\/comments?post=12892"}],"version-history":[{"count":1,"href":"http:\/\/entreriosbasquet.com\/site\/wp-json\/wp\/v2\/posts\/12892\/revisions"}],"predecessor-version":[{"id":12894,"href":"http:\/\/entreriosbasquet.com\/site\/wp-json\/wp\/v2\/posts\/12892\/revisions\/12894"}],"wp:featuredmedia":[{"embeddable":true,"href":"http:\/\/entreriosbasquet.com\/site\/wp-json\/wp\/v2\/media\/12893"}],"wp:attachment":[{"href":"http:\/\/entreriosbasquet.com\/site\/wp-json\/wp\/v2\/media?parent=12892"}],"wp:term":[{"taxonomy":"category","embeddable":true,"href":"http:\/\/entreriosbasquet.com\/site\/wp-json\/wp\/v2\/categories?post=12892"},{"taxonomy":"post_tag","embeddable":true,"href":"http:\/\/entreriosbasquet.com\/site\/wp-json\/wp\/v2\/tags?post=12892"}],"curies":[{"name":"wp","href":"https:\/\/api.w.org\/{rel}","templated":true}]}}