{"id":12889,"date":"2021-07-06T17:27:47","date_gmt":"2021-07-06T20:27:47","guid":{"rendered":"http:\/\/entreriosbasquet.com\/site\/?p=12889"},"modified":"2021-07-06T17:27:47","modified_gmt":"2021-07-06T20:27:47","slug":"liga-argentina-los-playoffs-de-la-zona-sur-seran-en-viedma","status":"publish","type":"post","link":"http:\/\/entreriosbasquet.com\/site\/2021\/07\/06\/liga-argentina-los-playoffs-de-la-zona-sur-seran-en-viedma\/","title":{"rendered":"Liga Argentina: Los playoffs de la Zona Sur ser\u00e1n en Viedma"},"content":{"rendered":"<p style=\"text-align: justify;\">Ya se abren las puertas a la etapa m\u00e1s anhelada de la\u00a0Liga Argentina, esas instancias que construyen historias apasionantes y en las que todos los participantes de la competencia sue\u00f1an ingresar:\u00a0los playoffs.<\/p>\n<p style=\"text-align: justify;\">La Fase Regular de la categor\u00eda se sumergi\u00f3 en sus \u00faltimas jornadas y apenas restan dilucidar dos pasajeros de la postemporada, uno en cada regi\u00f3n. Tras la confirmaci\u00f3n de C\u00f3rdoba Capital como sede de los playoffs de la Conferencia Norte, ahora lleg\u00f3 la definici\u00f3n de la ciudad que albergar\u00e1 las noches de adrenalina en la Sur.<\/p>\n<p style=\"text-align: justify;\">El Departamento de Competencias de la Asociaci\u00f3n de Clubes comunic\u00f3 que Deportivo Viedma ser\u00e1 el encargado de cobijar en su estadio la acci\u00f3n, que comenzar\u00e1 el venidero domingo 11 de julio y se extender\u00e1 hasta el s\u00e1bado 24.<\/p>\n<p style=\"text-align: justify;\">De esta manera, el \u00c1ngel Cayetano Arias se erigir\u00e1 en escenario por tercera oportunidad en la actual edici\u00f3n, dado que recepcion\u00f3 dos burbujas con anterioridad, una en febrero y la otra en mayo, ambas en organizaci\u00f3n conjunta con Atenas de Carmen de Patagones.<\/p>\n<p style=\"text-align: justify;\">En esta fase impresionante de la Conferencia Sur formar\u00e1n parte el local, Villa Mitre, Estudiantes Concordia, Quilmes de Mar del Plata, Lan\u00fas, Atenas, Ciclista Juninense y el \u00faltimo integrante saldr\u00e1 entre Del Progreso y Racing de Chivilcoy.<\/p>\n<p style=\"text-align: justify;\">Los cuartos de final se disputar\u00e1n el domingo 11, lunes 12 y mi\u00e9rcoles 14, con el ordenamiento cl\u00e1sico de cada llave, es decir el 1\u00b0 con el 8\u00b0, el 2\u00b0 con 7\u00b0, el 3\u00b0 con el 6\u00b0 y el 4\u00b0 con el 5\u00b0. Estas tres adrenal\u00ednicas jornadas se compondr\u00e1n de cuatro turnos, que en el corto plazo se conocer\u00e1n los horarios espec\u00edficos.<\/p>\n<p style=\"text-align: justify;\">En tanto que las semifinales de conferencia se jugar\u00e1n el 16, 17 y 19 de julio. Mientras que la serie final de la Sur se llevar\u00e1 a cabo el 21, 22 y 24 de julio.<\/p>\n","protected":false},"excerpt":{"rendered":"<p>Ya se abren las puertas a la etapa m\u00e1s anhelada de la\u00a0Liga Argentina, esas instancias que construyen historias apasionantes y en las que todos los participantes de la competencia sue\u00f1an ingresar:\u00a0los playoffs. La Fase Regular de la categor\u00eda se sumergi\u00f3 en sus \u00faltimas jornadas y apenas restan dilucidar dos pasajeros de la postemporada, uno en [&hellip;]<\/p>\n","protected":false},"author":1,"featured_media":12890,"comment_status":"closed","ping_status":"open","sticky":false,"template":"","format":"standard","meta":[],"categories":[11],"tags":[],"_links":{"self":[{"href":"http:\/\/entreriosbasquet.com\/site\/wp-json\/wp\/v2\/posts\/12889"}],"collection":[{"href":"http:\/\/entreriosbasquet.com\/site\/wp-json\/wp\/v2\/posts"}],"about":[{"href":"http:\/\/entreriosbasquet.com\/site\/wp-json\/wp\/v2\/types\/post"}],"author":[{"embeddable":true,"href":"http:\/\/entreriosbasquet.com\/site\/wp-json\/wp\/v2\/users\/1"}],"replies":[{"embeddable":true,"href":"http:\/\/entreriosbasquet.com\/site\/wp-json\/wp\/v2\/comments?post=12889"}],"version-history":[{"count":1,"href":"http:\/\/entreriosbasquet.com\/site\/wp-json\/wp\/v2\/posts\/12889\/revisions"}],"predecessor-version":[{"id":12891,"href":"http:\/\/entreriosbasquet.com\/site\/wp-json\/wp\/v2\/posts\/12889\/revisions\/12891"}],"wp:featuredmedia":[{"embeddable":true,"href":"http:\/\/entreriosbasquet.com\/site\/wp-json\/wp\/v2\/media\/12890"}],"wp:attachment":[{"href":"http:\/\/entreriosbasquet.com\/site\/wp-json\/wp\/v2\/media?parent=12889"}],"wp:term":[{"taxonomy":"category","embeddable":true,"href":"http:\/\/entreriosbasquet.com\/site\/wp-json\/wp\/v2\/categories?post=12889"},{"taxonomy":"post_tag","embeddable":true,"href":"http:\/\/entreriosbasquet.com\/site\/wp-json\/wp\/v2\/tags?post=12889"}],"curies":[{"name":"wp","href":"https:\/\/api.w.org\/{rel}","templated":true}]}}