{"id":12676,"date":"2021-06-06T10:03:24","date_gmt":"2021-06-06T13:03:24","guid":{"rendered":"http:\/\/entreriosbasquet.com\/site\/?p=12676"},"modified":"2021-06-06T10:03:24","modified_gmt":"2021-06-06T13:03:24","slug":"cabrera-y-suarez-gigantes-entrerrianas-rumbo-a-la-americup","status":"publish","type":"post","link":"http:\/\/entreriosbasquet.com\/site\/2021\/06\/06\/cabrera-y-suarez-gigantes-entrerrianas-rumbo-a-la-americup\/","title":{"rendered":"Cabrera y Su\u00e1rez, \u00abGigantes\u00bb entrerrianas rumbo a la Americup"},"content":{"rendered":"<p style=\"text-align: justify;\">Despu\u00e9s de m\u00e1s de un mes de entrenamientos, concentraciones y de una lista inicial de 20 jugadoras, todo qued\u00f3 definido y la Selecci\u00f3n Argentina ya tiene a las 12 jugadoras que defender\u00e1n los colores del pa\u00eds en la Americup. En la lista definitiva se encuentran las entrerrianas <strong>Camila Su\u00e1rez<\/strong> (Concepci\u00f3n del Uruguay) y <strong>Diana Cabrera<\/strong> (Villa Elisa).<\/p>\n<p style=\"text-align: justify;\">Para la p\u00edvot que milita en el Ardoi de la Liga Femenina 2 de Espa\u00f1a (27 a\u00f1os y 1.86 de altura) ser\u00e1 su d\u00e9cimo torneo oficial con el representativo nacional, entre los que se destacan el FIBA Am\u00e9ricas 2015, el Campeonato Sudamericano y Preol\u00edmpico 2016. Por su parte, la armadora de Obras Basket har\u00e1 su estreno en la Mayor despu\u00e9s de haber recorrido todos los seleccionados de formativas y jugar en 2019 en Mundial U19.<\/p>\n<p style=\"text-align: justify;\">Sobre la decisi\u00f3n de elegir las 12, Gregorio Mart\u00ednez destac\u00f3: \u00abNo tuvieron ning\u00fan problema de convivencia, desde la parte t\u00e9cnica y f\u00edsica estaban todas bien y con la posibilidad de ir, entonces termin\u00e9 de definir la lista en base a lo que ven\u00eda necesitando el equipo en distintas opciones. Defin\u00ed la lista en base a lo que ven\u00eda necesitando el equipo en distintas opciones\u00bb.<\/p>\n<p style=\"text-align: justify;\">La delegaci\u00f3n argentina viajar\u00e1 este lunes, a la tarde, con destino a San Juan de Puerto Rico. Una vez instalada en suelo boricua, ultimar\u00e1 detalles de su preparaci\u00f3n y trabajar\u00e1 mucho m\u00e1s de lleno en la Americup que arrancar\u00e1 el viernes 11 en el Coliseo Roberto Clemente.<\/p>\n<p style=\"text-align: justify;\">La Selecci\u00f3n jugar\u00e1 en el grupo B, debutando el 11 contra Rep\u00fablica Dominicana. El s\u00e1bado 12 el rival ser\u00e1 el anfitri\u00f3n Puerto Rico y el domingo 13 jugar\u00e1 ante Venezuela. El lunes 14 tendr\u00e1 descanso para volver a las canchas el martes 15, contra Estados Unidos.<\/p>\n","protected":false},"excerpt":{"rendered":"<p>Despu\u00e9s de m\u00e1s de un mes de entrenamientos, concentraciones y de una lista inicial de 20 jugadoras, todo qued\u00f3 definido y la Selecci\u00f3n Argentina ya tiene a las 12 jugadoras que defender\u00e1n los colores del pa\u00eds en la Americup. En la lista definitiva se encuentran las entrerrianas Camila Su\u00e1rez (Concepci\u00f3n del Uruguay) y Diana Cabrera [&hellip;]<\/p>\n","protected":false},"author":1,"featured_media":12677,"comment_status":"closed","ping_status":"open","sticky":false,"template":"","format":"standard","meta":[],"categories":[21],"tags":[73,106],"_links":{"self":[{"href":"http:\/\/entreriosbasquet.com\/site\/wp-json\/wp\/v2\/posts\/12676"}],"collection":[{"href":"http:\/\/entreriosbasquet.com\/site\/wp-json\/wp\/v2\/posts"}],"about":[{"href":"http:\/\/entreriosbasquet.com\/site\/wp-json\/wp\/v2\/types\/post"}],"author":[{"embeddable":true,"href":"http:\/\/entreriosbasquet.com\/site\/wp-json\/wp\/v2\/users\/1"}],"replies":[{"embeddable":true,"href":"http:\/\/entreriosbasquet.com\/site\/wp-json\/wp\/v2\/comments?post=12676"}],"version-history":[{"count":1,"href":"http:\/\/entreriosbasquet.com\/site\/wp-json\/wp\/v2\/posts\/12676\/revisions"}],"predecessor-version":[{"id":12678,"href":"http:\/\/entreriosbasquet.com\/site\/wp-json\/wp\/v2\/posts\/12676\/revisions\/12678"}],"wp:featuredmedia":[{"embeddable":true,"href":"http:\/\/entreriosbasquet.com\/site\/wp-json\/wp\/v2\/media\/12677"}],"wp:attachment":[{"href":"http:\/\/entreriosbasquet.com\/site\/wp-json\/wp\/v2\/media?parent=12676"}],"wp:term":[{"taxonomy":"category","embeddable":true,"href":"http:\/\/entreriosbasquet.com\/site\/wp-json\/wp\/v2\/categories?post=12676"},{"taxonomy":"post_tag","embeddable":true,"href":"http:\/\/entreriosbasquet.com\/site\/wp-json\/wp\/v2\/tags?post=12676"}],"curies":[{"name":"wp","href":"https:\/\/api.w.org\/{rel}","templated":true}]}}