{"id":12672,"date":"2021-06-02T20:45:13","date_gmt":"2021-06-02T23:45:13","guid":{"rendered":"http:\/\/entreriosbasquet.com\/site\/?p=12672"},"modified":"2021-06-02T20:45:13","modified_gmt":"2021-06-02T23:45:13","slug":"rocamora-se-alista-para-el-regreso-en-la-burbuja-de-junin","status":"publish","type":"post","link":"http:\/\/entreriosbasquet.com\/site\/2021\/06\/02\/rocamora-se-alista-para-el-regreso-en-la-burbuja-de-junin\/","title":{"rendered":"Rocamora se alista para el regreso en la burbuja de Jun\u00edn"},"content":{"rendered":"<p style=\"text-align: justify;\">La pr\u00f3xima semana volver\u00e1 la acci\u00f3n para Tom\u00e1s de Rocamora dentro de la Conferencia Sur de la Liga Argentina de B\u00e1squetbol cuando se complete la burbuja que empez\u00f3 a disputarse en el estadio de Ciclista Juninense y que luego debi\u00f3 interrumpirse por el entrada en vigencia de un nuevo DNU presidencial en relaci\u00f3n con la pandemia que Covid-19 que estamos atravesando.<\/p>\n<p style=\"text-align: justify;\">La Asociaci\u00f3n de Clubes confirm\u00f3 que el pr\u00f3ximo lunes 7 se retomar\u00e1n los partidos pero en el caso de Rocamora los dos partidos que le restan los disputar\u00e1 el mi\u00e9rcoles 9 y el jueves 10 de este mes. El plantel que comanda Juan Manuel Varas tuvo algunos d\u00edas de descanso tras el \u00faltimo encuentro que disput\u00f3 y que fue el viernes 21 de mayo cuando venci\u00f3 al local Ciclista por 78-74.<\/p>\n<p style=\"text-align: justify;\">Los jugadores trabajaron desde el jueves pasado a puertas cerradas y bajo estrictos protocolos sanitarios y por fortuna no se reportaron inconvenientes de ning\u00fan tipo. Esta semana se retomaron los trabajos en horas del mediod\u00eda donde adem\u00e1s de los trabajos f\u00edsicos a cargo del profe Walter Piersanti se realizaron movimientos ordenados por Varas y sus asistentes Gonzalo Rodr\u00edguez Costoza y Laura Soledad Gonz\u00e1lez.<\/p>\n<p style=\"text-align: justify;\">El Rojo tendr\u00e1 que enfrentar a Estudiantes de Olavarr\u00eda el mi\u00e9rcoles 9 a las 15 mientras que, en el mismo horario, se medir\u00e1 con Quilmes de Mar del Plata el jueves 10. Contra el Bataraz el elenco uruguayense se impuso cuando se enfrentaron en Concordia por 84-61 mientras que ante el Tricolor termin\u00f3 cayendo 82-75 tambi\u00e9n en el Gigante Verde de la capital del Citrus.<\/p>\n<p style=\"text-align: justify;\">Vale destacar que el equipo uruguayense tiene pendiente de reprogramaci\u00f3n un partido frente a Deportivo Viedma, postergado de la \u00faltima burbuja en Lan\u00fas de la que particip\u00f3, y que tambi\u00e9n le restan los dos encuentros ante Parque Sur. El primero, programado inicialmente para el mi\u00e9rcoles 21 de abril, debi\u00f3 postergarse en su oportunidad por los casos de Covid-19 que se dieron en el plantel y cuerpo t\u00e9cnico.<\/p>\n","protected":false},"excerpt":{"rendered":"<p>La pr\u00f3xima semana volver\u00e1 la acci\u00f3n para Tom\u00e1s de Rocamora dentro de la Conferencia Sur de la Liga Argentina de B\u00e1squetbol cuando se complete la burbuja que empez\u00f3 a disputarse en el estadio de Ciclista Juninense y que luego debi\u00f3 interrumpirse por el entrada en vigencia de un nuevo DNU presidencial en relaci\u00f3n con la [&hellip;]<\/p>\n","protected":false},"author":1,"featured_media":12673,"comment_status":"closed","ping_status":"open","sticky":false,"template":"","format":"standard","meta":[],"categories":[11],"tags":[197,26],"_links":{"self":[{"href":"http:\/\/entreriosbasquet.com\/site\/wp-json\/wp\/v2\/posts\/12672"}],"collection":[{"href":"http:\/\/entreriosbasquet.com\/site\/wp-json\/wp\/v2\/posts"}],"about":[{"href":"http:\/\/entreriosbasquet.com\/site\/wp-json\/wp\/v2\/types\/post"}],"author":[{"embeddable":true,"href":"http:\/\/entreriosbasquet.com\/site\/wp-json\/wp\/v2\/users\/1"}],"replies":[{"embeddable":true,"href":"http:\/\/entreriosbasquet.com\/site\/wp-json\/wp\/v2\/comments?post=12672"}],"version-history":[{"count":1,"href":"http:\/\/entreriosbasquet.com\/site\/wp-json\/wp\/v2\/posts\/12672\/revisions"}],"predecessor-version":[{"id":12674,"href":"http:\/\/entreriosbasquet.com\/site\/wp-json\/wp\/v2\/posts\/12672\/revisions\/12674"}],"wp:featuredmedia":[{"embeddable":true,"href":"http:\/\/entreriosbasquet.com\/site\/wp-json\/wp\/v2\/media\/12673"}],"wp:attachment":[{"href":"http:\/\/entreriosbasquet.com\/site\/wp-json\/wp\/v2\/media?parent=12672"}],"wp:term":[{"taxonomy":"category","embeddable":true,"href":"http:\/\/entreriosbasquet.com\/site\/wp-json\/wp\/v2\/categories?post=12672"},{"taxonomy":"post_tag","embeddable":true,"href":"http:\/\/entreriosbasquet.com\/site\/wp-json\/wp\/v2\/tags?post=12672"}],"curies":[{"name":"wp","href":"https:\/\/api.w.org\/{rel}","templated":true}]}}