{"id":12438,"date":"2021-05-04T10:15:41","date_gmt":"2021-05-04T13:15:41","guid":{"rendered":"http:\/\/entreriosbasquet.com\/site\/?p=12438"},"modified":"2021-05-04T10:16:43","modified_gmt":"2021-05-04T13:16:43","slug":"la-sede-concordia-finalmente-comenzara-el-8-de-mayo","status":"publish","type":"post","link":"http:\/\/entreriosbasquet.com\/site\/2021\/05\/04\/la-sede-concordia-finalmente-comenzara-el-8-de-mayo\/","title":{"rendered":"La sede Concordia finalmente comenzar\u00e1 el 8 de mayo"},"content":{"rendered":"<p style=\"text-align: justify;\">Luego de la postergaci\u00f3n de la burbuja que deb\u00eda disputarse por estos d\u00edas en Concordia, se definieron nuevas fechas y fixture para la misma. As\u00ed, este viernes desde el Departamento de Competencias de la Asociaci\u00f3n de Clubes (AdC) se anunci\u00f3 que su desarrollo ser\u00e1 del 8 al mi\u00e9rcoles 12 de mayo, y como estaba estipulado desde un principio el escenario ser\u00e1 el Gigante Verde de Concordia.<\/p>\n<p style=\"text-align: justify;\">Con este nuevo cronograma, se confirma que en esta sede s\u00ed podr\u00e1n participar los clubes Quilmes de Mar del Plata y Ciclista de Jun\u00edn, los cuales se hab\u00edan bajado de la primera programaci\u00f3n por recuperar casos positivos de Covid-19. As\u00ed, a estos dos elencos se sumar\u00e1n los uruguayenses Parque Sur y Tom\u00e1s de Rocamora, adem\u00e1s de Estudiantes de Olavarr\u00eda y el local Estudiantes de Concordia.<\/p>\n<p style=\"text-align: justify;\"><strong><em>S\u00e1bado 8\/5<\/em><\/strong><br \/>\n14:00 &#8211; Parque Sur vs. Quilmes<br \/>\n16:30 &#8211; Rocamora vs. Ciclista<br \/>\n18:00 &#8211; Estudiantes (C) vs. Estudiantes (O)<\/p>\n<p style=\"text-align: justify;\"><strong><em>Domingo 9\/5<\/em><\/strong><br \/>\n14:00 &#8211; Parque Sur vs. Ciclista<br \/>\n16:30 &#8211; Rocamora vs. Estudiantes (O)<br \/>\n18:00 &#8211; Estudiantes (C) vs. Quilmes<\/p>\n<p style=\"text-align: justify;\"><strong><em>Martes 11\/5<\/em><\/strong><br \/>\n14:00 &#8211; Quilmes vs. Rocamora<br \/>\n16:30 &#8211; Estudiantes (O) vs. Parque Sur<br \/>\n18:00 &#8211; Ciclista vs. Estudiantes (C)<\/p>\n<p style=\"text-align: justify;\"><strong><em>Mi\u00e9rcoles 12\/5<\/em><\/strong><br \/>\n11:00 &#8211; Estudiantes (O) vs. Quilmes<\/p>\n","protected":false},"excerpt":{"rendered":"<p>Luego de la postergaci\u00f3n de la burbuja que deb\u00eda disputarse por estos d\u00edas en Concordia, se definieron nuevas fechas y fixture para la misma. As\u00ed, este viernes desde el Departamento de Competencias de la Asociaci\u00f3n de Clubes (AdC) se anunci\u00f3 que su desarrollo ser\u00e1 del 8 al mi\u00e9rcoles 12 de mayo, y como estaba estipulado [&hellip;]<\/p>\n","protected":false},"author":1,"featured_media":12440,"comment_status":"closed","ping_status":"open","sticky":false,"template":"","format":"standard","meta":[],"categories":[11],"tags":[25,197],"_links":{"self":[{"href":"http:\/\/entreriosbasquet.com\/site\/wp-json\/wp\/v2\/posts\/12438"}],"collection":[{"href":"http:\/\/entreriosbasquet.com\/site\/wp-json\/wp\/v2\/posts"}],"about":[{"href":"http:\/\/entreriosbasquet.com\/site\/wp-json\/wp\/v2\/types\/post"}],"author":[{"embeddable":true,"href":"http:\/\/entreriosbasquet.com\/site\/wp-json\/wp\/v2\/users\/1"}],"replies":[{"embeddable":true,"href":"http:\/\/entreriosbasquet.com\/site\/wp-json\/wp\/v2\/comments?post=12438"}],"version-history":[{"count":1,"href":"http:\/\/entreriosbasquet.com\/site\/wp-json\/wp\/v2\/posts\/12438\/revisions"}],"predecessor-version":[{"id":12439,"href":"http:\/\/entreriosbasquet.com\/site\/wp-json\/wp\/v2\/posts\/12438\/revisions\/12439"}],"wp:featuredmedia":[{"embeddable":true,"href":"http:\/\/entreriosbasquet.com\/site\/wp-json\/wp\/v2\/media\/12440"}],"wp:attachment":[{"href":"http:\/\/entreriosbasquet.com\/site\/wp-json\/wp\/v2\/media?parent=12438"}],"wp:term":[{"taxonomy":"category","embeddable":true,"href":"http:\/\/entreriosbasquet.com\/site\/wp-json\/wp\/v2\/categories?post=12438"},{"taxonomy":"post_tag","embeddable":true,"href":"http:\/\/entreriosbasquet.com\/site\/wp-json\/wp\/v2\/tags?post=12438"}],"curies":[{"name":"wp","href":"https:\/\/api.w.org\/{rel}","templated":true}]}}