{"id":12209,"date":"2021-03-29T18:57:00","date_gmt":"2021-03-29T21:57:00","guid":{"rendered":"http:\/\/entreriosbasquet.com\/site\/?p=12209"},"modified":"2021-03-29T18:57:00","modified_gmt":"2021-03-29T21:57:00","slug":"rocamora-sumo-al-armador-juan-martin-bello","status":"publish","type":"post","link":"http:\/\/entreriosbasquet.com\/site\/2021\/03\/29\/rocamora-sumo-al-armador-juan-martin-bello\/","title":{"rendered":"Rocamora sum\u00f3 al armador Juan Mart\u00edn Bello"},"content":{"rendered":"<p style=\"text-align: justify;\">Tras la salida del correntino Axel M\u00e9ndez y el cordob\u00e9s Francisco Llanos, la dirigencia de Tom\u00e1s de Rocamora cerr\u00f3 en las \u00faltimas horas la incorporaci\u00f3n del base U23 Juan Mart\u00edn Bello quien en estos d\u00edas cerrar\u00e1 su participaci\u00f3n con Ferro Carril Oeste en la actual temporada de la Liga Nacional de B\u00e1squet. De esta forma ser\u00e1 una de las caras nuevas del Rojo en la continuidad de la Liga Argentina.<\/p>\n<p style=\"text-align: justify;\">Con 21 a\u00f1os y un inicio profesional en 2017 en el equipo de Liga de Desarrollo de Ol\u00edmpico de la Banda de Santiago del Estero, donde tambi\u00e9n tuvo minutos en LNB, Bello se mostr\u00f3 muy entusiasmado por esta nueva oportunidad. \u201cLa verdad que estoy muy contento de llegar a un club como Rocamora. Estoy con muchas ganas de sumarme al equipo y poder aportar desde mi lugar todo lo que pueda\u201d, asegur\u00f3.<\/p>\n<p style=\"text-align: justify;\">Tras su primera experiencia regres\u00f3 al Club Caza y Pesca para participar en el Torneo Federal \u2013fue uno de los goleadores siendo U19- hasta que en octubre de 2019 fich\u00f3 para la instituci\u00f3n del barrio porte\u00f1o de Caballito.<\/p>\n<p style=\"text-align: justify;\">Consultado sobre qu\u00e9 conocimientos ten\u00eda de Rocamora, respondi\u00f3: \u201cMe hablaron muy bien de la gente del club y de lo linda que es la ciudad. Mi idea siempre fue seguir jugando una vez terminada la Liga Nacional para seguir sumando experiencia, y estoy muy agradecido por esta oportunidad\u201d.<\/p>\n<p style=\"text-align: justify;\">El jugador nacido en Don Torcuato se refiri\u00f3 m\u00e1s adelante a c\u00f3mo sobrellev\u00f3 el tema de la pandemia en 2020. \u201cEn lo personal estuve entrenando diariamente en la parte f\u00edsica con el profe de Ferro (Pato Pallares) cuando no estaban abiertos los clubes, y una vez que se flexibiliz\u00f3 todo estuve entrenando t\u00e9cnica individual en Caza y Pesca; club donde me form\u00e9\u201d, cont\u00f3.<\/p>\n<p style=\"text-align: justify;\">Sobre este mismo tema y relaci\u00f3n a la manera en que se llevaron adelante las burbujas en la Liga Nacional que permitieron el retorno de la actividad, coment\u00f3: \u201cQued\u00f3 demostrado que si las cosas se hacen de la manera correcta se puede llevar a cabo cualquier Torneo. Con organizaci\u00f3n y responsabilidad se logra\u201d.<\/p>\n<p style=\"text-align: justify;\">Ferro no pudo avanzar a la instancia de playoffs en la LNB por lo que Bello qued\u00f3 en libertad de acci\u00f3n y ahora Rocamora asoma en su horizonte inmediato. En el Verdolaga el base promedi\u00f3 2.2 puntos y 9.2 minutos en los 34 partidos que disput\u00f3.<\/p>\n","protected":false},"excerpt":{"rendered":"<p>Tras la salida del correntino Axel M\u00e9ndez y el cordob\u00e9s Francisco Llanos, la dirigencia de Tom\u00e1s de Rocamora cerr\u00f3 en las \u00faltimas horas la incorporaci\u00f3n del base U23 Juan Mart\u00edn Bello quien en estos d\u00edas cerrar\u00e1 su participaci\u00f3n con Ferro Carril Oeste en la actual temporada de la Liga Nacional de B\u00e1squet. De esta forma [&hellip;]<\/p>\n","protected":false},"author":1,"featured_media":12210,"comment_status":"closed","ping_status":"open","sticky":false,"template":"","format":"standard","meta":[],"categories":[11],"tags":[608,26],"_links":{"self":[{"href":"http:\/\/entreriosbasquet.com\/site\/wp-json\/wp\/v2\/posts\/12209"}],"collection":[{"href":"http:\/\/entreriosbasquet.com\/site\/wp-json\/wp\/v2\/posts"}],"about":[{"href":"http:\/\/entreriosbasquet.com\/site\/wp-json\/wp\/v2\/types\/post"}],"author":[{"embeddable":true,"href":"http:\/\/entreriosbasquet.com\/site\/wp-json\/wp\/v2\/users\/1"}],"replies":[{"embeddable":true,"href":"http:\/\/entreriosbasquet.com\/site\/wp-json\/wp\/v2\/comments?post=12209"}],"version-history":[{"count":1,"href":"http:\/\/entreriosbasquet.com\/site\/wp-json\/wp\/v2\/posts\/12209\/revisions"}],"predecessor-version":[{"id":12211,"href":"http:\/\/entreriosbasquet.com\/site\/wp-json\/wp\/v2\/posts\/12209\/revisions\/12211"}],"wp:featuredmedia":[{"embeddable":true,"href":"http:\/\/entreriosbasquet.com\/site\/wp-json\/wp\/v2\/media\/12210"}],"wp:attachment":[{"href":"http:\/\/entreriosbasquet.com\/site\/wp-json\/wp\/v2\/media?parent=12209"}],"wp:term":[{"taxonomy":"category","embeddable":true,"href":"http:\/\/entreriosbasquet.com\/site\/wp-json\/wp\/v2\/categories?post=12209"},{"taxonomy":"post_tag","embeddable":true,"href":"http:\/\/entreriosbasquet.com\/site\/wp-json\/wp\/v2\/tags?post=12209"}],"curies":[{"name":"wp","href":"https:\/\/api.w.org\/{rel}","templated":true}]}}