{"id":12126,"date":"2021-03-23T09:44:16","date_gmt":"2021-03-23T12:44:16","guid":{"rendered":"http:\/\/entreriosbasquet.com\/site\/?p=12126"},"modified":"2021-03-23T09:44:16","modified_gmt":"2021-03-23T12:44:16","slug":"rene-richard-sera-el-entrenador-de-racing-de-gualeguaychu","status":"publish","type":"post","link":"http:\/\/entreriosbasquet.com\/site\/2021\/03\/23\/rene-richard-sera-el-entrenador-de-racing-de-gualeguaychu\/","title":{"rendered":"Ren\u00e9 Richard ser\u00e1 el entrenador de Racing de Gualeguaych\u00fa"},"content":{"rendered":"<p style=\"text-align: justify;\">En la noche del lunes se terminaron de concretar las negociaciones y se confirm\u00f3 que el uruguayense Ren\u00e9 Richard ser\u00e1 el nuevo entrenador de Racing de Gualeguaych\u00fa para la continuidad de la temporada 2021 del Torneo Federal de B\u00e1squetbol.<\/p>\n<p style=\"text-align: justify;\">El ex DT de Parque Sur ocupar\u00e1 el cargo de Gast\u00f3n Narbay, quien luego de la derrota del pasado viernes frente a Regatas Uruguay fue cesado por la dirigencia de \u201cLa Academia\u201d.<\/p>\n<p style=\"text-align: justify;\">La ca\u00edda por 98 a 89 en un encuentro disputado en el estadio Juan Jos\u00e9 Garro el pasado viernes fue el detonante para la salida del DT oriundo de Santa Elena. \u201cLa Academia\u201d tiene marca de 1-3 y ven\u00eda de perder el \u201ccl\u00e1sico\u201d frente a Central Entrerriano en condici\u00f3n de local.<\/p>\n<p style=\"text-align: justify;\">La idea de los dirigentes es que Ren\u00e9 Richard tome el mando del equipo en la noche del martes. Racing volver\u00e1 a presentarse el pr\u00f3ximo viernes frente a Social y Deportivo San Jos\u00e9 en condici\u00f3n de local.<\/p>\n","protected":false},"excerpt":{"rendered":"<p>En la noche del lunes se terminaron de concretar las negociaciones y se confirm\u00f3 que el uruguayense Ren\u00e9 Richard ser\u00e1 el nuevo entrenador de Racing de Gualeguaych\u00fa para la continuidad de la temporada 2021 del Torneo Federal de B\u00e1squetbol. El ex DT de Parque Sur ocupar\u00e1 el cargo de Gast\u00f3n Narbay, quien luego de la [&hellip;]<\/p>\n","protected":false},"author":1,"featured_media":12127,"comment_status":"closed","ping_status":"open","sticky":false,"template":"","format":"standard","meta":[],"categories":[16],"tags":[69,77,29],"_links":{"self":[{"href":"http:\/\/entreriosbasquet.com\/site\/wp-json\/wp\/v2\/posts\/12126"}],"collection":[{"href":"http:\/\/entreriosbasquet.com\/site\/wp-json\/wp\/v2\/posts"}],"about":[{"href":"http:\/\/entreriosbasquet.com\/site\/wp-json\/wp\/v2\/types\/post"}],"author":[{"embeddable":true,"href":"http:\/\/entreriosbasquet.com\/site\/wp-json\/wp\/v2\/users\/1"}],"replies":[{"embeddable":true,"href":"http:\/\/entreriosbasquet.com\/site\/wp-json\/wp\/v2\/comments?post=12126"}],"version-history":[{"count":1,"href":"http:\/\/entreriosbasquet.com\/site\/wp-json\/wp\/v2\/posts\/12126\/revisions"}],"predecessor-version":[{"id":12128,"href":"http:\/\/entreriosbasquet.com\/site\/wp-json\/wp\/v2\/posts\/12126\/revisions\/12128"}],"wp:featuredmedia":[{"embeddable":true,"href":"http:\/\/entreriosbasquet.com\/site\/wp-json\/wp\/v2\/media\/12127"}],"wp:attachment":[{"href":"http:\/\/entreriosbasquet.com\/site\/wp-json\/wp\/v2\/media?parent=12126"}],"wp:term":[{"taxonomy":"category","embeddable":true,"href":"http:\/\/entreriosbasquet.com\/site\/wp-json\/wp\/v2\/categories?post=12126"},{"taxonomy":"post_tag","embeddable":true,"href":"http:\/\/entreriosbasquet.com\/site\/wp-json\/wp\/v2\/tags?post=12126"}],"curies":[{"name":"wp","href":"https:\/\/api.w.org\/{rel}","templated":true}]}}