{"id":11740,"date":"2021-02-15T10:21:33","date_gmt":"2021-02-15T13:21:33","guid":{"rendered":"http:\/\/entreriosbasquet.com\/site\/?p=11740"},"modified":"2021-02-15T20:21:58","modified_gmt":"2021-02-15T23:21:58","slug":"panizza-estamos-muy-conformes-con-el-equipo-que-pudimos-armar","status":"publish","type":"post","link":"http:\/\/entreriosbasquet.com\/site\/2021\/02\/15\/panizza-estamos-muy-conformes-con-el-equipo-que-pudimos-armar\/","title":{"rendered":"Panizza: \u201cEstamos muy conformes con el equipo que pudimos armar\u201d"},"content":{"rendered":"<p style=\"text-align: justify;\">Con vistas al 26 de febrero, fecha que marcar\u00e1 el inicio de la competencia oficial, el conjunto rojinegro culmin\u00f3 ayer su segunda semana de entrenamientos y lo hizo con la plantilla completa, ya que en los \u00faltimos d\u00edas se sumaron el escolta correntino Dami\u00e1n Peruchena y el pivote chaque\u00f1o Marcos Jovanovich, las dos fichas que restaban para cerrar el equipo.<\/p>\n<p style=\"text-align: justify;\">En di\u00e1logo con el programa La Barra Deportiva por Radio M\u00e1xima 94.5, el entrenador de Central Entrerriano Mariano Panizza destac\u00f3:\u00a0<strong>\u201cEstamos muy conformes con el equipo que pudimos lograr. Pero en el b\u00e1squet de ahora \u00a0los nombres no juegan por s\u00ed solo y \u00a0si uno no logra ensamblar y alcanzar objetivos en equipo es dif\u00edcil competir. As\u00ed que\u00a0 estamos en ese proceso. Sabemos que trajimos jugadores de calidad y jerarqu\u00eda y que ahora est\u00e1n en nosotros poder trabajar y que ellos entiendan nuestro mensaje\u201d.<\/strong><\/p>\n<p style=\"text-align: justify;\">Del plantel que jug\u00f3 la pasada de Liga Argentina (cancelada por la pandemia del coronavirus) s\u00f3lo se mantiene el base santafesino Cristian \u201cKiki\u201d Zenclussen, mientras que el resto de los jugadores provienen de otros equipos, a excepci\u00f3n de los juveniles que pertenecen a las divisiones formativas del club.<\/p>\n<p style=\"text-align: justify;\">Consultado sobre el poco tiempo que se dispone para llevar adelante la pretemporada y el desaf\u00edo de imponer su filosof\u00eda de juego, el joven entrenador de 36 a\u00f1os expres\u00f3:\u00a0<strong>\u201cLo que uno busca es conseguir jugadores que se adapten a la idea que uno trata de llevar a cabo y en ese sentido lo pudimos lograr. Con \u201cKiki\u201d y Marcos\u00a0 Jovanovich (N de la R: lo tuvo como jugador en Pe\u00f1arol de Tala en la campa\u00f1a2016\/17)\u00a0 ya ven\u00eda trabajando desde hace un tiempo, as\u00ed que saben lo que pretendo para mis equipos.<\/strong><\/p>\n<p style=\"text-align: justify;\"><strong>Los dem\u00e1s chicos est\u00e1n muy predispuestos y con muchas ganas, eso es lo destacable de estas primeras semanas de entrenamientos. Vemos un equipo con muchas ganas y que est\u00e1 predispuesto\u00a0 a adquirir lo que nosotros \u2013como cuerpo t\u00e9cnico- vamos brindando desde nuestra idea. Eso nos pone bien, porque lo que buscamos es un equipo que est\u00e9 abierto a escuchar y ejecutar de acuerdo a lo que nosotros queremos\u201d.<\/strong><\/p>\n<p style=\"text-align: justify;\">Con respecto a la extensa inactividad que hubo por la pandemia y la misi\u00f3n de imponer su idea de juego en el escaso tiempo de preparaci\u00f3n, debido a que Central inici\u00f3 los entrenamientos el 1\u00b0 de febrero y el torneo comienza el 26, Mariano Panizza indic\u00f3:<\/p>\n<p style=\"text-align: justify;\"><strong>\u201cNosotros consideramos que m\u00e1s all\u00e1 de estas cuatro semanas de trabajo, las primeras fechas del torneo ser\u00e1n para ir conoci\u00e9ndonos y seguir buscando el funcionamiento de equipo que deseamos. Ser\u00eda una locura pensar que en menos de un mes de pretemporada el equipo funcione como queremos todos, as\u00ed que hay que tener la paciencia y tolerancia que les pedimos todos los d\u00edas a los chicos.<\/strong><\/p>\n<p style=\"text-align: justify;\"><strong>Mucho m\u00e1s despu\u00e9s de esta larga inactividad, porque si tal vez los jugadores hubiesen tenido el p\u00e1rate\u00a0 habitual de dos meses, ser\u00eda mucho m\u00e1s llevadero y no ser\u00eda tan complejo poder buscar el funcionamiento. Entonces, sabemos que necesitamos tener paciencia y si hacemos las cosas bien en el &#8216;d\u00eda a d\u00eda&#8217; pronto vamos a lograr el funcionamiento que todo queremos y ser competitivos, que\u00a0 es nuestro\u00a0 objetivo principal\u00bb.<\/strong><\/p>\n<p style=\"text-align: justify;\">Por otra parte, el Rojinegro iba a disputar el jueves por la noche su primer amistoso de pretemporada ante Parque Sur, que se alista para jugar \u00a0la Liga Argentina, en Concepci\u00f3n del Uruguay. Pero en las horas previas decidi\u00f3 no afrontar dicha prueba, debido a que algunos jugadores se encuentran \u2018muy cargados\u2019 desde lo f\u00edsico.<\/p>\n<p style=\"text-align: justify;\">Sobre la posibilidad de programar encuentros de preparaci\u00f3n antes del comienzo de la competencia, el entrenador talense expres\u00f3: \u201c<strong>La idea es concretar uno o dos amistosos previo al inicio. Creemos complicado jugar con equipos de Liga Argentina, porque la semana que viene ya estar\u00eda arrancando la temporada y no creo que los equipos quieran arriesgar en un amistoso tan cerca de la fecha de arranque\u201d.<\/strong><\/p>\n<p style=\"text-align: justify;\"><strong>\u201cTambi\u00e9n vemos dif\u00edcil la posibilidad de jugar amistosos con equipos entrerrianos \u00a0del Torneo Federal, porque al ser\u00a0 una zona \u00fanica de seis, nos llevar\u00e1 a jugar\u00a0 tres o cuatro partidos con cada uno de ellos. Por eso, no queremos jugar amistosos con equipos que despu\u00e9s vamos a enfrentar tantas veces, as\u00ed que vamos a seguir buscando otras alternativas\u201d<\/strong>, acot\u00f3<strong>.<\/strong><\/p>\n<p style=\"text-align: justify;\">Por \u00faltimo, Mariano Panizza se refiri\u00f3 a la dif\u00edcil decisi\u00f3n que adopt\u00f3 la comisi\u00f3n directiva del club, que por cuestiones econ\u00f3micas renunci\u00f3 a su plaza de Liga Argentina (segunda\u00a0<strong>categor\u00eda del b\u00e1squet argentino) y se inscribi\u00f3 a jugar el Torneo Federal (tercera divisi\u00f3n).<\/strong><\/p>\n<p style=\"text-align: justify;\"><strong>\u201cPara m\u00ed ya paso, ya di vuelta la p\u00e1gina. Ahora estoy pensando en el Federal, en armar un equipo competitivo, que es lo que uno desea como entrenador. Coincid\u00ed en lo que me plantearon los dirigentes en su momento, de que la Liga Argentina es torneo muy costoso para afrontar y que no iban a poner en riesgo las finanzas del club. Yo me debo a las decisiones que toman los dirigentes y estoy muy a gusto ac\u00e1. Me ofrecieron de seguir y no lo dud\u00e9, as\u00ed que estamos abocados a que Central siga siendo protagonista en la categor\u00eda que sea\u201d,<\/strong>\u00a0cerr\u00f3.<\/p>\n","protected":false},"excerpt":{"rendered":"<p>Con vistas al 26 de febrero, fecha que marcar\u00e1 el inicio de la competencia oficial, el conjunto rojinegro culmin\u00f3 ayer su segunda semana de entrenamientos y lo hizo con la plantilla completa, ya que en los \u00faltimos d\u00edas se sumaron el escolta correntino Dami\u00e1n Peruchena y el pivote chaque\u00f1o Marcos Jovanovich, las dos fichas que [&hellip;]<\/p>\n","protected":false},"author":1,"featured_media":11742,"comment_status":"closed","ping_status":"open","sticky":false,"template":"","format":"standard","meta":[],"categories":[16],"tags":[52,133,29],"_links":{"self":[{"href":"http:\/\/entreriosbasquet.com\/site\/wp-json\/wp\/v2\/posts\/11740"}],"collection":[{"href":"http:\/\/entreriosbasquet.com\/site\/wp-json\/wp\/v2\/posts"}],"about":[{"href":"http:\/\/entreriosbasquet.com\/site\/wp-json\/wp\/v2\/types\/post"}],"author":[{"embeddable":true,"href":"http:\/\/entreriosbasquet.com\/site\/wp-json\/wp\/v2\/users\/1"}],"replies":[{"embeddable":true,"href":"http:\/\/entreriosbasquet.com\/site\/wp-json\/wp\/v2\/comments?post=11740"}],"version-history":[{"count":1,"href":"http:\/\/entreriosbasquet.com\/site\/wp-json\/wp\/v2\/posts\/11740\/revisions"}],"predecessor-version":[{"id":11741,"href":"http:\/\/entreriosbasquet.com\/site\/wp-json\/wp\/v2\/posts\/11740\/revisions\/11741"}],"wp:featuredmedia":[{"embeddable":true,"href":"http:\/\/entreriosbasquet.com\/site\/wp-json\/wp\/v2\/media\/11742"}],"wp:attachment":[{"href":"http:\/\/entreriosbasquet.com\/site\/wp-json\/wp\/v2\/media?parent=11740"}],"wp:term":[{"taxonomy":"category","embeddable":true,"href":"http:\/\/entreriosbasquet.com\/site\/wp-json\/wp\/v2\/categories?post=11740"},{"taxonomy":"post_tag","embeddable":true,"href":"http:\/\/entreriosbasquet.com\/site\/wp-json\/wp\/v2\/tags?post=11740"}],"curies":[{"name":"wp","href":"https:\/\/api.w.org\/{rel}","templated":true}]}}