{"id":11597,"date":"2021-01-30T11:05:00","date_gmt":"2021-01-30T14:05:00","guid":{"rendered":"http:\/\/entreriosbasquet.com\/site\/?p=11597"},"modified":"2021-01-30T12:06:00","modified_gmt":"2021-01-30T15:06:00","slug":"isaac-monti-y-su-emotiva-despedida-del-cart","status":"publish","type":"post","link":"http:\/\/entreriosbasquet.com\/site\/2021\/01\/30\/isaac-monti-y-su-emotiva-despedida-del-cart\/","title":{"rendered":"Isaac Monti y su emotiva despedida del CART"},"content":{"rendered":"<p style=\"text-align: justify;\">A trav\u00e9s de un video en el que se lo nota visiblemente emocionado y nervioso por la despedida, el \u00eddolo del Club Atl\u00e9tico Rosario del Tala, <strong>Isaac Monti<\/strong>, envi\u00f3 un mensaje para toda la comunidad de los Diablos Azules confirmando su salida de la instituci\u00f3n despu\u00e9s de m\u00e1s de una d\u00e9cada.<\/p>\n<blockquote class=\"twitter-tweet\" data-width=\"550\">\n<p lang=\"es\" dir=\"ltr\">A trav\u00e9s de un video en el que se lo nota visiblemente emocionado y nervioso por la despedida despu\u00e9s de 12 a\u00f1os, el \u00eddolo del Club Atl\u00e9tico Rosario del Tala (<a href=\"https:\/\/twitter.com\/Prensa_CART?ref_src=twsrc%5Etfw\">@Prensa_CART<\/a>), <a href=\"https:\/\/twitter.com\/isaac_monti?ref_src=twsrc%5Etfw\">@isaac_monti<\/a>, envi\u00f3 un mensaje para toda la comunidad de los Diablos Azules. <a href=\"https:\/\/t.co\/T3XF5frsNJ\">pic.twitter.com\/T3XF5frsNJ<\/a><\/p>\n<p>&mdash; Entre Rios Basquet (@ER_Basquet) <a href=\"https:\/\/twitter.com\/ER_Basquet\/status\/1355532499292717056?ref_src=twsrc%5Etfw\">January 30, 2021<\/a><\/p><\/blockquote>\n<p><script async src=\"https:\/\/platform.twitter.com\/widgets.js\" charset=\"utf-8\"><\/script><\/p>\n<p style=\"text-align: justify;\">En la noche de este jueves, Isaac Monti se transform\u00f3 oficialmente en nuevo jugador de Luciano de Urdinarrain. Tras 12 temporadas consecutivas, el m\u00e1ximo anotador de Atl\u00e9tico Tala en la \u00faltima d\u00e9cada dejar\u00e1 la instituci\u00f3n de calle 9 de julio y tendr\u00e1 un nuevo desaf\u00edo en su carrera deportiva: Luis Luciano de Urdinarrain.<\/p>\n<p style=\"text-align: justify;\">A los 37 a\u00f1os, el polifuncional nacido en Gobernador Mansilla jugar\u00e1 su vig\u00e9sima temporada en categor\u00eda mayores (10 temporadas en TFB (la 2007\/08 como Liga B y 10 temporadas en Liga Provincial).<\/p>\n<p style=\"text-align: justify;\">A veinte veranos de su debut en la Liguilla Provincial de Mayores (2001), uno de los m\u00e1ximos referentes del deporte talense buscar\u00e1 mantener su vigencia en un club que le abri\u00f3 las puertas, y que en menos de 48 horas desde que existi\u00f3 el primer contacto telef\u00f3nico, no dud\u00f3 en tomar una r\u00e1pida decisi\u00f3n y sumarlo a su plantel.<\/p>\n<p style=\"text-align: justify;\">Detr\u00e1s de su llegada al \u201cLucho\u201d quedan 12 a\u00f1os inolvidables en Atl\u00e9tico Tala donde el \u201cNegro\u201d se gan\u00f3 un lugar de privilegio en la historia de la centenaria instituci\u00f3n.<\/p>\n<p style=\"text-align: justify;\"><em><strong>(Gentileza: Daniel Palacios \/ Foto: Fotos Azules)<\/strong><\/em><\/p>\n","protected":false},"excerpt":{"rendered":"<p>A trav\u00e9s de un video en el que se lo nota visiblemente emocionado y nervioso por la despedida, el \u00eddolo del Club Atl\u00e9tico Rosario del Tala, Isaac Monti, envi\u00f3 un mensaje para toda la comunidad de los Diablos Azules confirmando su salida de la instituci\u00f3n despu\u00e9s de m\u00e1s de una d\u00e9cada. A trav\u00e9s de un [&hellip;]<\/p>\n","protected":false},"author":1,"featured_media":11599,"comment_status":"closed","ping_status":"open","sticky":false,"template":"","format":"standard","meta":[],"categories":[16],"tags":[169,594,29],"_links":{"self":[{"href":"http:\/\/entreriosbasquet.com\/site\/wp-json\/wp\/v2\/posts\/11597"}],"collection":[{"href":"http:\/\/entreriosbasquet.com\/site\/wp-json\/wp\/v2\/posts"}],"about":[{"href":"http:\/\/entreriosbasquet.com\/site\/wp-json\/wp\/v2\/types\/post"}],"author":[{"embeddable":true,"href":"http:\/\/entreriosbasquet.com\/site\/wp-json\/wp\/v2\/users\/1"}],"replies":[{"embeddable":true,"href":"http:\/\/entreriosbasquet.com\/site\/wp-json\/wp\/v2\/comments?post=11597"}],"version-history":[{"count":7,"href":"http:\/\/entreriosbasquet.com\/site\/wp-json\/wp\/v2\/posts\/11597\/revisions"}],"predecessor-version":[{"id":11603,"href":"http:\/\/entreriosbasquet.com\/site\/wp-json\/wp\/v2\/posts\/11597\/revisions\/11603"}],"wp:featuredmedia":[{"embeddable":true,"href":"http:\/\/entreriosbasquet.com\/site\/wp-json\/wp\/v2\/media\/11599"}],"wp:attachment":[{"href":"http:\/\/entreriosbasquet.com\/site\/wp-json\/wp\/v2\/media?parent=11597"}],"wp:term":[{"taxonomy":"category","embeddable":true,"href":"http:\/\/entreriosbasquet.com\/site\/wp-json\/wp\/v2\/categories?post=11597"},{"taxonomy":"post_tag","embeddable":true,"href":"http:\/\/entreriosbasquet.com\/site\/wp-json\/wp\/v2\/tags?post=11597"}],"curies":[{"name":"wp","href":"https:\/\/api.w.org\/{rel}","templated":true}]}}