{"id":10973,"date":"2020-09-05T00:22:16","date_gmt":"2020-09-05T03:22:16","guid":{"rendered":"http:\/\/entreriosbasquet.com\/site\/?p=10973"},"modified":"2020-09-05T00:22:16","modified_gmt":"2020-09-05T03:22:16","slug":"es-un-hasta-luego-hecho-con-responsabilidad","status":"publish","type":"post","link":"http:\/\/entreriosbasquet.com\/site\/2020\/09\/05\/es-un-hasta-luego-hecho-con-responsabilidad\/","title":{"rendered":"\u201cEs un hasta luego hecho con responsabilidad\u201d"},"content":{"rendered":"<p style=\"text-align: justify;\">A trav\u00e9s de su sitio web oficial y las redes sociales, el Club Estudiantes Concordia dej\u00f3 un mensaje para la comunidad del b\u00e1squetbol tras conocerse la decisi\u00f3n de la instituci\u00f3n entrerriana de poner en venta su plaza de Liga Nacional luego de siete temporadas en la elite nacional.<\/p>\n<p style=\"text-align: justify;\">\u201cLa comisi\u00f3n directiva de Estudiantes con la misma unidad con la que recientemente comunic\u00f3 el esfuerzo con el que proyecta el futuro, comunica a socios, simpatizantes, en particular a los de la ciudad y Entre R\u00edos, que no afrontar\u00e1 la pr\u00f3xima temporada de la Liga Nacional\u201d, comienza el documento.<\/p>\n<p style=\"text-align: justify;\">Seguidamente el texto indica que se trata de \u201cun hasta luego, conscientes de los complejos momentos que atraviesa el pa\u00eds como de que, en el ciclo de la vida deportiva, siempre hay un ma\u00f1ana\u201d. \u201cA\u00f1o tras a\u00f1o, por siete temporadas consecutivas, revalidamos aquella gesta del ascenso conseguido en 2013. No es un simple adi\u00f3s, es un hasta luego hecho con responsabilidad, coherencia entre el querer y poder como demostramos hasta el \u00faltimo partido de la temporada pasada\u201d, a\u00f1ade.<\/p>\n<p style=\"text-align: justify;\">Por otra parte, el dirigente del B\u00e1squet Profesional del \u201cVerde\u201d, <em><strong>Enrique Agosti<\/strong><\/em>, public\u00f3 en su cuenta de Twitter (@EnriqueAgosti): \u201cPido disculpas a todos los que defendieron esta camiseta a todos los que apoyaron,a todos los que no entienden porque tomamos esta decisi\u00f3n y lo \u00fanico que les digo es que creo que fue una decisi\u00f3n VALIENTE\u201d.<\/p>\n","protected":false},"excerpt":{"rendered":"<p>A trav\u00e9s de su sitio web oficial y las redes sociales, el Club Estudiantes Concordia dej\u00f3 un mensaje para la comunidad del b\u00e1squetbol tras conocerse la decisi\u00f3n de la instituci\u00f3n entrerriana de poner en venta su plaza de Liga Nacional luego de siete temporadas en la elite nacional. \u201cLa comisi\u00f3n directiva de Estudiantes con la [&hellip;]<\/p>\n","protected":false},"author":1,"featured_media":10974,"comment_status":"closed","ping_status":"open","sticky":false,"template":"","format":"standard","meta":[],"categories":[12],"tags":[25,23],"_links":{"self":[{"href":"http:\/\/entreriosbasquet.com\/site\/wp-json\/wp\/v2\/posts\/10973"}],"collection":[{"href":"http:\/\/entreriosbasquet.com\/site\/wp-json\/wp\/v2\/posts"}],"about":[{"href":"http:\/\/entreriosbasquet.com\/site\/wp-json\/wp\/v2\/types\/post"}],"author":[{"embeddable":true,"href":"http:\/\/entreriosbasquet.com\/site\/wp-json\/wp\/v2\/users\/1"}],"replies":[{"embeddable":true,"href":"http:\/\/entreriosbasquet.com\/site\/wp-json\/wp\/v2\/comments?post=10973"}],"version-history":[{"count":1,"href":"http:\/\/entreriosbasquet.com\/site\/wp-json\/wp\/v2\/posts\/10973\/revisions"}],"predecessor-version":[{"id":10975,"href":"http:\/\/entreriosbasquet.com\/site\/wp-json\/wp\/v2\/posts\/10973\/revisions\/10975"}],"wp:featuredmedia":[{"embeddable":true,"href":"http:\/\/entreriosbasquet.com\/site\/wp-json\/wp\/v2\/media\/10974"}],"wp:attachment":[{"href":"http:\/\/entreriosbasquet.com\/site\/wp-json\/wp\/v2\/media?parent=10973"}],"wp:term":[{"taxonomy":"category","embeddable":true,"href":"http:\/\/entreriosbasquet.com\/site\/wp-json\/wp\/v2\/categories?post=10973"},{"taxonomy":"post_tag","embeddable":true,"href":"http:\/\/entreriosbasquet.com\/site\/wp-json\/wp\/v2\/tags?post=10973"}],"curies":[{"name":"wp","href":"https:\/\/api.w.org\/{rel}","templated":true}]}}