{"id":10952,"date":"2020-09-01T11:10:42","date_gmt":"2020-09-01T14:10:42","guid":{"rendered":"http:\/\/entreriosbasquet.com\/site\/?p=10952"},"modified":"2020-09-01T11:10:42","modified_gmt":"2020-09-01T14:10:42","slug":"el-3x3-de-rocamora-se-prepara-para-el-inicio","status":"publish","type":"post","link":"http:\/\/entreriosbasquet.com\/site\/2020\/09\/01\/el-3x3-de-rocamora-se-prepara-para-el-inicio\/","title":{"rendered":"El 3&#215;3 de Rocamora se prepara para el inicio"},"content":{"rendered":"<p style=\"text-align: justify;\">Como en toda la pandemia, el Tom\u00e1s de Rocamora no detiene su marcha y est\u00e1 pr\u00e1cticamente confirmado que la primera actividad en comenzar ser\u00eda el b\u00e1squet 3&#215;3 del, llev\u00e1ndose a cabo del 12 al 19 de octubre en una burbuja y sede \u00fanica. Los jugadores del Rojo, pensando en el inicio, se entrenan en forma individual.<\/p>\n<p style=\"text-align: justify;\">Rocamora, desde que comenz\u00f3 la pandemia (Covid-19), no puso en riesgo el trabajo diario. Dirigentes, entrenadores y allegados en sus diversas categor\u00edas, realizaron desde el d\u00eda cero un plan de crecimiento colectivo, no solo en lo deportivo sino tambi\u00e9n en los institucional.<\/p>\n<p style=\"text-align: justify;\">Unos de los trabajo de los dirigentes era anticiparse a la posible vuelta del b\u00e1squet 3&#215;3. Capacidad y desarrollo son las premisas del crecimiento, es por eso que comenzaron los primeros movimientos deportivos y de sponsoreo.<\/p>\n<p style=\"text-align: justify;\">Con respeto al\u00a0 plantel, el mismo estar\u00e1 compuesto nuevamente por Galo Impini, Justo Catal\u00edn, Francisco Pag y Mat\u00edas Caire, m\u00e1s alguna jugadora que pueda sumarse en alguna parada. Rocamora hizo su debut en la Liga 3&#215;3 en el 2019, organizando una parada en Concepci\u00f3n del Uruguay y llegando a la Final Four.<\/p>\n<p style=\"text-align: justify;\">Unos de los referentes de aquel equipo fue Galo Impini, quien hoy habla de sus sensaciones y experiencia en esa primera parada de Rocamora en el 3&#215;3:\u00a0\u201cCreo que fue una experiencia linda donde vivenci\u00e9 una manera de jugar al b\u00e1squet, que si bien la hab\u00eda visto nunca la hab\u00eda jugado, y creo que nos fue muy bien\u201d.<\/p>\n<p style=\"text-align: justify;\">Galo tambi\u00e9n se refiri\u00f3 al entrenamiento diario y de la vuelta del 3&#215;3 que se llevar\u00eda a cabo en una burbuja en el mes de octubre:\u00a0\u201cEstoy entrenando diariamente dentro de lo que se puede y est\u00e1 permitido. Creo que es una muy buena idea jugar ah\u00ed, va ser algo interesante y adaptado a lo nuevo\u201d.<\/p>\n","protected":false},"excerpt":{"rendered":"<p>Como en toda la pandemia, el Tom\u00e1s de Rocamora no detiene su marcha y est\u00e1 pr\u00e1cticamente confirmado que la primera actividad en comenzar ser\u00eda el b\u00e1squet 3&#215;3 del, llev\u00e1ndose a cabo del 12 al 19 de octubre en una burbuja y sede \u00fanica. Los jugadores del Rojo, pensando en el inicio, se entrenan en forma [&hellip;]<\/p>\n","protected":false},"author":1,"featured_media":10953,"comment_status":"closed","ping_status":"open","sticky":false,"template":"","format":"standard","meta":[],"categories":[20],"tags":[571,23,26],"_links":{"self":[{"href":"http:\/\/entreriosbasquet.com\/site\/wp-json\/wp\/v2\/posts\/10952"}],"collection":[{"href":"http:\/\/entreriosbasquet.com\/site\/wp-json\/wp\/v2\/posts"}],"about":[{"href":"http:\/\/entreriosbasquet.com\/site\/wp-json\/wp\/v2\/types\/post"}],"author":[{"embeddable":true,"href":"http:\/\/entreriosbasquet.com\/site\/wp-json\/wp\/v2\/users\/1"}],"replies":[{"embeddable":true,"href":"http:\/\/entreriosbasquet.com\/site\/wp-json\/wp\/v2\/comments?post=10952"}],"version-history":[{"count":1,"href":"http:\/\/entreriosbasquet.com\/site\/wp-json\/wp\/v2\/posts\/10952\/revisions"}],"predecessor-version":[{"id":10954,"href":"http:\/\/entreriosbasquet.com\/site\/wp-json\/wp\/v2\/posts\/10952\/revisions\/10954"}],"wp:featuredmedia":[{"embeddable":true,"href":"http:\/\/entreriosbasquet.com\/site\/wp-json\/wp\/v2\/media\/10953"}],"wp:attachment":[{"href":"http:\/\/entreriosbasquet.com\/site\/wp-json\/wp\/v2\/media?parent=10952"}],"wp:term":[{"taxonomy":"category","embeddable":true,"href":"http:\/\/entreriosbasquet.com\/site\/wp-json\/wp\/v2\/categories?post=10952"},{"taxonomy":"post_tag","embeddable":true,"href":"http:\/\/entreriosbasquet.com\/site\/wp-json\/wp\/v2\/tags?post=10952"}],"curies":[{"name":"wp","href":"https:\/\/api.w.org\/{rel}","templated":true}]}}